{"id":27388,"date":"2024-07-31T10:04:48","date_gmt":"2024-07-31T08:04:48","guid":{"rendered":"https:\/\/isocial.cat\/?p=27388"},"modified":"2024-07-31T10:12:47","modified_gmt":"2024-07-31T08:12:47","slug":"virtual-metaverse-to-improve-daily-skills-of-people-with-intellectual-disabilities","status":"publish","type":"post","link":"https:\/\/isocial.cat\/en\/virtual-metaverse-to-improve-daily-skills-of-people-with-intellectual-disabilities\/","title":{"rendered":"Virtual Metaverse to Improve Daily Skills of People with Intellectual Disabilities"},"content":{"rendered":"\n<div class=\"wp-block-genesis-blocks-gb-container alignfull header--3 subhome--1 innovacio gb-block-container\"><div class=\"gb-container-inside\"><div class=\"gb-container-content\">\n<div class=\"wp-block-genesis-blocks-gb-container container gb-block-container\"><div class=\"gb-container-inside\"><div class=\"gb-container-content\">\n<span class=\"parent--link separador animated fadeInUp slow\"><a href=\"https:\/\/isocial.cat\/en\/publications\/\">Publications<\/a> <a href=\"https:\/\/isocial.cat\/en\/bank-of-innovations\/\">Bank of innovations<\/a><\/span>\n\n\n<h1 class=\"animated fadeInUp delay-200ms slow wp-block-post-title\">Virtual Metaverse to Improve Daily Skills of People with Intellectual Disabilities<\/h1>\n\n<style>.wp-block-kadence-advancedheading.kt-adv-heading27388_6aca34-c3, .wp-block-kadence-advancedheading.kt-adv-heading27388_6aca34-c3[data-kb-block=\"kb-adv-heading27388_6aca34-c3\"]{font-style:normal;}.wp-block-kadence-advancedheading.kt-adv-heading27388_6aca34-c3 mark.kt-highlight, .wp-block-kadence-advancedheading.kt-adv-heading27388_6aca34-c3[data-kb-block=\"kb-adv-heading27388_6aca34-c3\"] mark.kt-highlight{font-style:normal;color:#f76a0c;-webkit-box-decoration-break:clone;box-decoration-break:clone;padding-top:0px;padding-right:0px;padding-bottom:0px;padding-left:0px;}.wp-block-kadence-advancedheading.kt-adv-heading27388_6aca34-c3 img.kb-inline-image, .wp-block-kadence-advancedheading.kt-adv-heading27388_6aca34-c3[data-kb-block=\"kb-adv-heading27388_6aca34-c3\"] img.kb-inline-image{width:150px;vertical-align:baseline;}<\/style>\n<h5 class=\"kt-adv-heading27388_6aca34-c3 entradeta animated fadeInUp slow delay-500ms wp-block-kadence-advancedheading\" data-kb-block=\"kb-adv-heading27388_6aca34-c3\">Plena Inclusi\u00f3n Arag\u00f3n, Cooperativa Kair\u00f3s<\/h5>\n\n\n<div class=\"animated fadeInUp slow delay-1s wp-block-post-date\"><time datetime=\"2024-07-31T10:04:48+02:00\">31 July 2024<\/time><\/div><\/div><\/div><\/div>\n<\/div><\/div><\/div>\n\n\n\n<div class=\"wp-block-genesis-blocks-gb-container container--2 subhome gb-block-container\"><div class=\"gb-container-inside\"><div class=\"gb-container-content\">\n<div class=\"wp-block-genesis-blocks-gb-columns fila post animated fadeInUp slow gb-layout-columns-3 gb-3-col-widecenter\"><div class=\"gb-layout-column-wrap gb-block-layout-column-gap-0 gb-is-responsive-column\">\n<div class=\"wp-block-genesis-blocks-gb-column gb-block-layout-column\"><div class=\"gb-block-layout-column-inner\">\n<p><\/p>\n<\/div><\/div>\n\n\n\n<div class=\"wp-block-genesis-blocks-gb-column gb-block-layout-column\"><div class=\"gb-block-layout-column-inner\"><div class=\"wp-block-image\">\n<figure class=\"aligncenter size-full\"><img loading=\"lazy\" decoding=\"async\" width=\"1200\" height=\"630\" src=\"https:\/\/isocial.cat\/wp-content\/uploads\/2024\/07\/Imatges-Posts-Web-2024-07-30T124000.708-min.png\" alt=\"Metavers Plena Inclusi\u00f3n Arag\u00f3n\" class=\"wp-image-27375\" srcset=\"https:\/\/isocial.cat\/wp-content\/uploads\/2024\/07\/Imatges-Posts-Web-2024-07-30T124000.708-min.png 1200w, https:\/\/isocial.cat\/wp-content\/uploads\/2024\/07\/Imatges-Posts-Web-2024-07-30T124000.708-min-500x263.png 500w, https:\/\/isocial.cat\/wp-content\/uploads\/2024\/07\/Imatges-Posts-Web-2024-07-30T124000.708-min-800x420.png 800w, https:\/\/isocial.cat\/wp-content\/uploads\/2024\/07\/Imatges-Posts-Web-2024-07-30T124000.708-min-300x158.png 300w, https:\/\/isocial.cat\/wp-content\/uploads\/2024\/07\/Imatges-Posts-Web-2024-07-30T124000.708-min-400x210.png 400w\" sizes=\"auto, (max-width: 1200px) 100vw, 1200px\" \/><\/figure>\n<\/div>\n\n\n<p class=\"has-text-align-center lead-text has-large-font-size\">Avatar that enables learning daily skills to enhance the autonomy of people with intellectual disabilities<\/p>\n\n\n\n<p><strong>Plena Inclusi\u00f3n Arag\u00f3n and Cooperativa Kair\u00f3s have developed a \u201cmetaverse\u201d that allows practicing and learning daily skills through an avatar,<\/strong> aiming for people with intellectual disabilities to improve their autonomy and social participation.<\/p>\n\n\n\n<p>The metaverse includes <strong>eight dimensions<\/strong>, in the form of virtual doors, symbolizing the central areas of a quality life: emotional well-being, interpersonal relationships, material well-being, personal development, physical well-being, self-determination, social inclusion, and rights. Some of the virtual activities that can be performed through the avatar include exercising, meeting friends, or participating in community activities. The application presents challenges in different areas and offers virtual rewards, such as avatar customization, thereby using gamification to encourage a healthy and fulfilling life.<\/p>\n\n\n\n<p>The tool not only benefits people with disabilities in making decisions, <strong>but also allows professionals working with them to better understand their feelings and personal needs,<\/strong> expressed through the avatars. The creation of the metaverse is part of the project <strong>\u201cMi Casa: una vida en comunidad\u201d, <\/strong>a model of deinstitutionalized long-term care for people with intellectual disabilities.<\/p>\n\n\n\n<div class=\"wp-block-genesis-blocks-gb-container contingut-post gb-block-container\"><div class=\"gb-container-inside\"><div class=\"gb-container-content\"><\/div><\/div><\/div>\n<\/div><\/div>\n\n\n\n<div class=\"wp-block-genesis-blocks-gb-column gb-block-layout-column\"><div class=\"gb-block-layout-column-inner\">\n<p><\/p>\n<\/div><\/div>\n<\/div><\/div>\n\n\n\n<div style=\"background-color:#f7f5f5\" class=\"wp-block-genesis-blocks-gb-container alignfull post-info-relacionada animated fadeInUp slow gb-block-container\"><div class=\"gb-container-inside\"><div class=\"gb-container-content\">\n<div class=\"wp-block-genesis-blocks-gb-columns fila container gb-layout-columns-3 gb-3-col-equal\"><div class=\"gb-layout-column-wrap gb-block-layout-column-gap-4 gb-is-responsive-column\">\n<div class=\"wp-block-genesis-blocks-gb-column gb-block-layout-column\"><div class=\"gb-block-layout-column-inner\"><style>.wp-block-kadence-advancedheading.kt-adv-heading27388_1a5980-d2, .wp-block-kadence-advancedheading.kt-adv-heading27388_1a5980-d2[data-kb-block=\"kb-adv-heading27388_1a5980-d2\"]{font-style:normal;}.wp-block-kadence-advancedheading.kt-adv-heading27388_1a5980-d2 mark.kt-highlight, .wp-block-kadence-advancedheading.kt-adv-heading27388_1a5980-d2[data-kb-block=\"kb-adv-heading27388_1a5980-d2\"] mark.kt-highlight{font-style:normal;color:#f76a0c;-webkit-box-decoration-break:clone;box-decoration-break:clone;padding-top:0px;padding-right:0px;padding-bottom:0px;padding-left:0px;}.wp-block-kadence-advancedheading.kt-adv-heading27388_1a5980-d2 img.kb-inline-image, .wp-block-kadence-advancedheading.kt-adv-heading27388_1a5980-d2[data-kb-block=\"kb-adv-heading27388_1a5980-d2\"] img.kb-inline-image{width:150px;vertical-align:baseline;}<\/style>\n<h3 class=\"kt-adv-heading27388_1a5980-d2 wp-block-kadence-advancedheading\" data-kb-block=\"kb-adv-heading27388_1a5980-d2\">Characteristics of innovation<\/h3>\n\n\n<div class=\"taxonomy-category focusinnovacio wp-block-post-terms\"><a href=\"https:\/\/isocial.cat\/en\/category\/innovation\/bank-innovations\/type-of-initiative\/new-technological-tool\/\" rel=\"tag\">New technological tool<\/a><span class=\"wp-block-post-terms__separator\">, <\/span><a href=\"https:\/\/isocial.cat\/en\/category\/innovation\/bank-innovations\/scope-of-intervention\/disability\/\" rel=\"tag\">Disability<\/a><span class=\"wp-block-post-terms__separator\">, <\/span><a href=\"https:\/\/isocial.cat\/en\/category\/innovation\/bank-innovations\/goals\/independent-living\/\" rel=\"tag\">Independent living<\/a><span class=\"wp-block-post-terms__separator\">, <\/span><a href=\"https:\/\/isocial.cat\/en\/category\/innovation\/bank-innovations\/goals\/link-community\/\" rel=\"tag\">Link with the community<\/a><span class=\"wp-block-post-terms__separator\">, <\/span><a href=\"https:\/\/isocial.cat\/en\/category\/innovation\/bank-innovations\/goals\/personalization-service\/\" rel=\"tag\">Personalization of the service<\/a><span class=\"wp-block-post-terms__separator\">, <\/span><a href=\"https:\/\/isocial.cat\/en\/category\/innovation\/bank-innovations\/goals\/self-management-participation\/\" rel=\"tag\">Self-management and participation<\/a><span class=\"wp-block-post-terms__separator\">, <\/span><a href=\"https:\/\/isocial.cat\/en\/category\/innovation\/bank-innovations\/goals\/user-empowerment\/\" rel=\"tag\">User empowerment<\/a><\/div><\/div><\/div>\n\n\n\n<div class=\"wp-block-genesis-blocks-gb-column gb-block-layout-column\"><div class=\"gb-block-layout-column-inner\"><style>.wp-block-kadence-advancedheading.kt-adv-heading27388_75164a-51, .wp-block-kadence-advancedheading.kt-adv-heading27388_75164a-51[data-kb-block=\"kb-adv-heading27388_75164a-51\"]{font-style:normal;}.wp-block-kadence-advancedheading.kt-adv-heading27388_75164a-51 mark.kt-highlight, .wp-block-kadence-advancedheading.kt-adv-heading27388_75164a-51[data-kb-block=\"kb-adv-heading27388_75164a-51\"] mark.kt-highlight{font-style:normal;color:#f76a0c;-webkit-box-decoration-break:clone;box-decoration-break:clone;padding-top:0px;padding-right:0px;padding-bottom:0px;padding-left:0px;}.wp-block-kadence-advancedheading.kt-adv-heading27388_75164a-51 img.kb-inline-image, .wp-block-kadence-advancedheading.kt-adv-heading27388_75164a-51[data-kb-block=\"kb-adv-heading27388_75164a-51\"] img.kb-inline-image{width:150px;vertical-align:baseline;}<\/style>\n<h3 class=\"kt-adv-heading27388_75164a-51 wp-block-kadence-advancedheading\" data-kb-block=\"kb-adv-heading27388_75164a-51\">Localization<\/h3>\n\n\n\n<p>Arag\u00f3n<\/p>\n<\/div><\/div>\n\n\n\n<div class=\"wp-block-genesis-blocks-gb-column gb-block-layout-column\"><div class=\"gb-block-layout-column-inner\"><style>.wp-block-kadence-advancedheading.kt-adv-heading27388_eece50-cb, .wp-block-kadence-advancedheading.kt-adv-heading27388_eece50-cb[data-kb-block=\"kb-adv-heading27388_eece50-cb\"]{font-style:normal;}.wp-block-kadence-advancedheading.kt-adv-heading27388_eece50-cb mark.kt-highlight, .wp-block-kadence-advancedheading.kt-adv-heading27388_eece50-cb[data-kb-block=\"kb-adv-heading27388_eece50-cb\"] mark.kt-highlight{font-style:normal;color:#f76a0c;-webkit-box-decoration-break:clone;box-decoration-break:clone;padding-top:0px;padding-right:0px;padding-bottom:0px;padding-left:0px;}.wp-block-kadence-advancedheading.kt-adv-heading27388_eece50-cb img.kb-inline-image, .wp-block-kadence-advancedheading.kt-adv-heading27388_eece50-cb[data-kb-block=\"kb-adv-heading27388_eece50-cb\"] img.kb-inline-image{width:150px;vertical-align:baseline;}<\/style>\n<h3 class=\"kt-adv-heading27388_eece50-cb wp-block-kadence-advancedheading\" data-kb-block=\"kb-adv-heading27388_eece50-cb\">Partners \/ Funders<\/h3>\n\n\n\n<p>Imascono, Department of Citizenship and Social Rights of the Government of Arag\u00f3n, Next Generation EU Funds<\/p>\n<\/div><\/div>\n<\/div><\/div>\n\n\n\n<div class=\"wp-block-genesis-blocks-gb-columns fila container gb-layout-columns-3 gb-3-col-equal\"><div class=\"gb-layout-column-wrap gb-block-layout-column-gap-4 gb-is-responsive-column\">\n<div class=\"wp-block-genesis-blocks-gb-column gb-block-layout-column\"><div class=\"gb-block-layout-column-inner\"><style>.wp-block-kadence-advancedheading.kt-adv-heading27388_802ffb-e4, .wp-block-kadence-advancedheading.kt-adv-heading27388_802ffb-e4[data-kb-block=\"kb-adv-heading27388_802ffb-e4\"]{font-style:normal;}.wp-block-kadence-advancedheading.kt-adv-heading27388_802ffb-e4 mark.kt-highlight, .wp-block-kadence-advancedheading.kt-adv-heading27388_802ffb-e4[data-kb-block=\"kb-adv-heading27388_802ffb-e4\"] mark.kt-highlight{font-style:normal;color:#f76a0c;-webkit-box-decoration-break:clone;box-decoration-break:clone;padding-top:0px;padding-right:0px;padding-bottom:0px;padding-left:0px;}.wp-block-kadence-advancedheading.kt-adv-heading27388_802ffb-e4 img.kb-inline-image, .wp-block-kadence-advancedheading.kt-adv-heading27388_802ffb-e4[data-kb-block=\"kb-adv-heading27388_802ffb-e4\"] img.kb-inline-image{width:150px;vertical-align:baseline;}<\/style>\n<h3 class=\"kt-adv-heading27388_802ffb-e4 wp-block-kadence-advancedheading\" data-kb-block=\"kb-adv-heading27388_802ffb-e4\">Genesis<\/h3>\n\n\n\n<p>This metaverse was designed by the cooperative Kair\u00f3s and the regional federations of Plena Inclusi\u00f3n, together with the augmented reality and metaverse studio Imascono, and was presented on February 19, 2024, in Zaragoza.<\/p>\n\n\n\n<p>Initially, it was tested with six people living in the apartments that are part of <strong>&#8220;Mi Casa: una vida en comunida&#8221;<\/strong>, a program launched in 2022 that promotes the autonomy of people with intellectual and developmental disabilities through an alternative model of long-term residential care.<\/p>\n\n\n\n<p><\/p>\n\n\n\n<p><\/p>\n\n\n\n<p><\/p>\n\n\n\n<p><\/p>\n\n\n\n<p><\/p>\n\n\n\n<p><\/p>\n\n\n\n<p><\/p>\n\n\n\n<p><\/p>\n\n\n\n<p><\/p>\n\n\n\n<p><\/p>\n\n\n\n<p><\/p>\n\n\n\n<p><\/p>\n\n\n\n<p><\/p>\n\n\n\n<p><\/p>\n\n\n\n<p><\/p>\n\n\n\n<p><\/p>\n\n\n\n<p><\/p>\n\n\n\n<p><\/p>\n\n\n\n<p><\/p>\n<\/div><\/div>\n\n\n\n<div class=\"wp-block-genesis-blocks-gb-column gb-block-layout-column\"><div class=\"gb-block-layout-column-inner\"><style>.wp-block-kadence-advancedheading.kt-adv-heading27388_682cae-6a, .wp-block-kadence-advancedheading.kt-adv-heading27388_682cae-6a[data-kb-block=\"kb-adv-heading27388_682cae-6a\"]{font-style:normal;}.wp-block-kadence-advancedheading.kt-adv-heading27388_682cae-6a mark.kt-highlight, .wp-block-kadence-advancedheading.kt-adv-heading27388_682cae-6a[data-kb-block=\"kb-adv-heading27388_682cae-6a\"] mark.kt-highlight{font-style:normal;color:#f76a0c;-webkit-box-decoration-break:clone;box-decoration-break:clone;padding-top:0px;padding-right:0px;padding-bottom:0px;padding-left:0px;}.wp-block-kadence-advancedheading.kt-adv-heading27388_682cae-6a img.kb-inline-image, .wp-block-kadence-advancedheading.kt-adv-heading27388_682cae-6a[data-kb-block=\"kb-adv-heading27388_682cae-6a\"] img.kb-inline-image{width:150px;vertical-align:baseline;}<\/style>\n<h3 class=\"kt-adv-heading27388_682cae-6a wp-block-kadence-advancedheading\" data-kb-block=\"kb-adv-heading27388_682cae-6a\">Level of implementation<\/h3>\n\n\n\n<p>According to Amor Numancia, the coordinator of the disability area of Cooperativa Kair\u00f3s, the metaverse is an innovative solution that advances the quality of life of people and involves them in their life plans.<\/p>\n\n\n\n<p>Moreover, according to June 2024 data from Plena Inclusi\u00f3n Arag\u00f3n, the <strong>\u201cMi Casa: una vida en comunidad\u201d <\/strong>program has shown significant improvements in the autonomy and quality of life of its users. It has also had a positive impact on families and the community.<\/p>\n\n\n\n<p><\/p>\n\n\n\n<p><\/p>\n\n\n\n<p><\/p>\n\n\n\n<p><\/p>\n\n\n\n<p><\/p>\n\n\n\n<p><\/p>\n\n\n\n<p><\/p>\n\n\n\n<p><\/p>\n\n\n\n<p><\/p>\n\n\n\n<p><\/p>\n\n\n\n<p><\/p>\n\n\n\n<p><\/p>\n\n\n\n<p><\/p>\n\n\n\n<p><\/p>\n\n\n\n<p><\/p>\n\n\n\n<p><\/p>\n\n\n\n<p><\/p>\n\n\n\n<p><\/p>\n<\/div><\/div>\n\n\n\n<div class=\"wp-block-genesis-blocks-gb-column gb-block-layout-column\"><div class=\"gb-block-layout-column-inner\">\n<p><\/p>\n<\/div><\/div>\n<\/div><\/div>\n<\/div><\/div><\/div>\n\n\n\n<div class=\"wp-block-genesis-blocks-gb-columns fila mes-info animated fadeInUp slow gb-layout-columns-1 one-column gb-has-custom-background-color alignfull\" style=\"background-color:#efecec\"><div class=\"gb-layout-column-wrap gb-block-layout-column-gap-2 gb-is-responsive-column\">\n<div class=\"wp-block-genesis-blocks-gb-column gb-block-layout-column\"><div class=\"gb-block-layout-column-inner\">\n<div class=\"wp-block-buttons is-content-justification-center is-layout-flex wp-container-core-buttons-is-layout-16018d1d wp-block-buttons-is-layout-flex\">\n<div class=\"wp-block-button has-custom-font-size gb-block-button\" style=\"font-size:20px;line-height:1.2\"><a class=\"wp-block-button__link has-text-color has-background wp-element-button\" href=\"https:\/\/www.plenainclusionaragon.com\/noticias\/el-metaverso-de-kairos-un-aliado-para-la-vida-autonoma-en-comunidad\/\" style=\"border-radius:5px;color:#ffffff;background-color:#3373dc;padding-top:10px;padding-right:1em;padding-bottom:10px;padding-left:1em\" target=\"_blank\" rel=\"noopener noreferrer\">More information<\/a><\/div>\n<\/div>\n<\/div><\/div>\n<\/div><\/div>\n\n\n\n<div class=\"wp-block-genesis-blocks-gb-columns post logos-colaboradors animated fadeInUp slow gb-layout-columns-3 gb-3-col-widecenter\"><div class=\"gb-layout-column-wrap gb-block-layout-column-gap-0 gb-is-responsive-column\">\n<div class=\"wp-block-genesis-blocks-gb-column gb-block-layout-column\"><div class=\"gb-block-layout-column-inner\">\n<p><\/p>\n<\/div><\/div>\n\n\n\n<div class=\"wp-block-genesis-blocks-gb-column gb-block-layout-column gb-is-vertically-aligned-center\"><div class=\"gb-block-layout-column-inner\" style=\"text-align:center\">\n<figure class=\"wp-block-gallery has-nested-images columns-default is-cropped wp-block-gallery-1 is-layout-flex wp-block-gallery-is-layout-flex\">\n<figure class=\"wp-block-image size-full is-style-default\"><img loading=\"lazy\" decoding=\"async\" width=\"1200\" height=\"630\" data-id=\"27379\" src=\"https:\/\/isocial.cat\/wp-content\/uploads\/2024\/07\/Imatges-Posts-Web-2024-07-30T124233.269-min.png\" alt=\"Plena Inclusi\u00f3n Arag\u00f3n\" class=\"wp-image-27379\" srcset=\"https:\/\/isocial.cat\/wp-content\/uploads\/2024\/07\/Imatges-Posts-Web-2024-07-30T124233.269-min.png 1200w, https:\/\/isocial.cat\/wp-content\/uploads\/2024\/07\/Imatges-Posts-Web-2024-07-30T124233.269-min-500x263.png 500w, https:\/\/isocial.cat\/wp-content\/uploads\/2024\/07\/Imatges-Posts-Web-2024-07-30T124233.269-min-800x420.png 800w, https:\/\/isocial.cat\/wp-content\/uploads\/2024\/07\/Imatges-Posts-Web-2024-07-30T124233.269-min-300x158.png 300w, https:\/\/isocial.cat\/wp-content\/uploads\/2024\/07\/Imatges-Posts-Web-2024-07-30T124233.269-min-400x210.png 400w\" sizes=\"auto, (max-width: 1200px) 100vw, 1200px\" \/><\/figure>\n<\/figure>\n<\/div><\/div>\n\n\n\n<div class=\"wp-block-genesis-blocks-gb-column gb-block-layout-column\"><div class=\"gb-block-layout-column-inner\">\n<p><\/p>\n<\/div><\/div>\n<\/div><\/div>\n\n\n\n<div class=\"wp-block-genesis-blocks-gb-columns fila mes-info botons-innovacio animated fadeInUp slow gb-layout-columns-2 gb-2-col-equal gb-has-custom-background-color alignfull\" style=\"background-color:#89266c\"><div class=\"gb-layout-column-wrap gb-block-layout-column-gap-2 gb-is-responsive-column\">\n<div class=\"wp-block-genesis-blocks-gb-column gb-block-layout-column\"><div class=\"gb-block-layout-column-inner\">\n<div style=\"text-align:center\" class=\"wp-block-genesis-blocks-gb-button boto-proposa gb-block-button\"><a href=\"https:\/\/isocial.cat\/en\/propose-your-innovation\/\" class=\"gb-button gb-button-shape-rounded gb-button-size-medium\" style=\"color:#ffffff;background-color:#3373dc\">Propose your innovation<\/a><\/div>\n<\/div><\/div>\n\n\n\n<div class=\"wp-block-genesis-blocks-gb-column gb-block-layout-column\"><div class=\"gb-block-layout-column-inner\">\n<div style=\"text-align:center\" class=\"wp-block-genesis-blocks-gb-button boto-totes gb-block-button\"><a href=\"https:\/\/isocial.cat\/en\/bank-of-innovations\/\" class=\"gb-button gb-button-shape-rounded gb-button-size-medium\" style=\"color:#ffffff;background-color:#3373dc\">See our selection of innovations<\/a><\/div>\n<\/div><\/div>\n<\/div><\/div>\n<\/div><\/div><\/div>\n\n\n<div id=\"Banc_dinnovacions\"  class=\"ultp-post-grid-block wp-block-ultimate-post-post-grid-1 ultp-block-01e0fe container--2 subhome grid-darrers-projectes animated fadeInUp slow\"><div class=\"ultp-block-wrapper\"><div class=\"ultp-loading\"><div class=\"ultp-loading-spinner\" style=\"width:100%;height:100%\"><div><\/div><div><\/div><div><\/div><div><\/div><div><\/div><div><\/div><div><\/div><div><\/div><div><\/div><div><\/div><div><\/div><div><\/div><\/div><\/div><div class=\"ultp-heading-filter\"><div class=\"ultp-heading-filter-in\"><div class=\"ultp-heading-wrap ultp-heading-style1 ultp-heading-left\"><p class=\"ultp-heading-inner\"><span>Banc d&#8217;innovacions<\/span><\/p><\/div><div class=\"ultp-filter-navigation\"><\/div><\/div><\/div><div class=\"ultp-block-items-wrap ultp-block-row ultp-pg1a-style1 ultp-grid1-responsive ultp-block-column-4 1 1 ultp-layout1\"><div class=\"ultp-block-item post-id-36323\"><div class=\"ultp-block-content-wrap\"><div class=\"ultp-block-image ultp-block-image-zoomIn\"><a href=\"https:\/\/isocial.cat\/en\/safespace-by-enableme-digital-inclusion-disclosure-support-for-non-visible-disabilities\/\"><img loading=\"lazy\" decoding=\"async\" width=\"1920\" height=\"1080\" class=\"ultp-block-image-content\" src=\"https:\/\/isocial.cat\/wp-content\/plugins\/ultimate-post\/assets\/img\/ultp-fallback-img.png\" alt=\"dummy-img\" \/><\/a><\/div><div class=\"ultp-block-content\"><h4 class=\"ultp-block-title \"><a href=\"https:\/\/isocial.cat\/en\/safespace-by-enableme-digital-inclusion-disclosure-support-for-non-visible-disabilities\/\">SafeSpace by\u00a0EnableMe,\u00a0Digital inclusion &amp; disclosure support for non\u2011visible disabilities\u00a0<\/a><\/h4><div class=\"ultp-block-excerpt\">A confidential workplace tool to support disclosure and inclusion of non\u2011visible disabilities <\/div><\/div><\/div><\/div><div class=\"ultp-block-item post-id-36297\"><div class=\"ultp-block-content-wrap\"><div class=\"ultp-block-image ultp-block-image-zoomIn\"><a href=\"https:\/\/isocial.cat\/en\/speechlabel-audio-labels-increasing-everyday-accessibility\/\"><img loading=\"lazy\" decoding=\"async\" width=\"1920\" height=\"1080\" class=\"ultp-block-image-content\" src=\"https:\/\/isocial.cat\/wp-content\/plugins\/ultimate-post\/assets\/img\/ultp-fallback-img.png\" alt=\"dummy-img\" \/><\/a><\/div><div class=\"ultp-block-content\"><h4 class=\"ultp-block-title \"><a href=\"https:\/\/isocial.cat\/en\/speechlabel-audio-labels-increasing-everyday-accessibility\/\">Speechlabel, audio labels increasing everyday accessibility\u00a0<\/a><\/h4><div class=\"ultp-block-excerpt\">A mobile app with voice-activated object labelling to support blind and visually impaired independence  <\/div><\/div><\/div><\/div><div class=\"ultp-block-item post-id-36072\"><div class=\"ultp-block-content-wrap\"><div class=\"ultp-block-image ultp-block-image-zoomIn\"><a href=\"https:\/\/isocial.cat\/en\/casal-tv-virtual-social-centre-for-older-people-through-interactive-television\/\"><img loading=\"lazy\" decoding=\"async\" width=\"1920\" height=\"1080\" class=\"ultp-block-image-content\" src=\"https:\/\/isocial.cat\/wp-content\/plugins\/ultimate-post\/assets\/img\/ultp-fallback-img.png\" alt=\"dummy-img\" \/><\/a><\/div><div class=\"ultp-block-content\"><h4 class=\"ultp-block-title \"><a href=\"https:\/\/isocial.cat\/en\/casal-tv-virtual-social-centre-for-older-people-through-interactive-television\/\">Casal TV, virtual social centre for older people through interactive television<\/a><\/h4><div class=\"ultp-block-excerpt\">A remote, television-based community service to reduce loneliness and promote well-being among older adults <\/div><\/div><\/div><\/div><div class=\"ultp-block-item post-id-36049\"><div class=\"ultp-block-content-wrap\"><div class=\"ultp-block-image ultp-block-image-zoomIn\"><a href=\"https:\/\/isocial.cat\/en\/dinder-club-a-dedicated-dating-social-plans-app-for-people-with-intellectual-disabilities\/\"><img loading=\"lazy\" decoding=\"async\" width=\"1920\" height=\"1080\" class=\"ultp-block-image-content\" src=\"https:\/\/isocial.cat\/wp-content\/plugins\/ultimate-post\/assets\/img\/ultp-fallback-img.png\" alt=\"dummy-img\" \/><\/a><\/div><div class=\"ultp-block-content\"><h4 class=\"ultp-block-title \"><a href=\"https:\/\/isocial.cat\/en\/dinder-club-a-dedicated-dating-social-plans-app-for-people-with-intellectual-disabilities\/\">Dinder Club, a dedicated dating &amp; social-plans app for people with intellectual disabilities<\/a><\/h4><div class=\"ultp-block-excerpt\">Facilitating safe social, affective and romantic connections for people with intellectual disabilities<\/div><\/div><\/div><\/div><div class=\"ultp-block-item post-id-36031\"><div class=\"ultp-block-content-wrap\"><div class=\"ultp-block-image ultp-block-image-zoomIn\"><a href=\"https:\/\/isocial.cat\/en\/aqui-la-sole-campaign-against-youth-loneliness\/\"><img loading=\"lazy\" decoding=\"async\" width=\"1920\" height=\"1080\" class=\"ultp-block-image-content\" src=\"https:\/\/isocial.cat\/wp-content\/plugins\/ultimate-post\/assets\/img\/ultp-fallback-img.png\" alt=\"dummy-img\" \/><\/a><\/div><div class=\"ultp-block-content\"><h4 class=\"ultp-block-title \"><a href=\"https:\/\/isocial.cat\/en\/aqui-la-sole-campaign-against-youth-loneliness\/\">Aqu\u00ed la Sole, campaign against youth loneliness<\/a><\/h4><div class=\"ultp-block-excerpt\">A youth-oriented awareness campaign tackling unwanted loneliness in Spain <\/div><\/div><\/div><\/div><div class=\"ultp-block-item post-id-36013\"><div class=\"ultp-block-content-wrap\"><div class=\"ultp-block-image ultp-block-image-zoomIn\"><a href=\"https:\/\/isocial.cat\/en\/journeys-app-guiding-children-safely-through-the-barnahus-process\/\"><img loading=\"lazy\" decoding=\"async\" width=\"1920\" height=\"1080\" class=\"ultp-block-image-content\" src=\"https:\/\/isocial.cat\/wp-content\/plugins\/ultimate-post\/assets\/img\/ultp-fallback-img.png\" alt=\"dummy-img\" \/><\/a><\/div><div class=\"ultp-block-content\"><h4 class=\"ultp-block-title \"><a href=\"https:\/\/isocial.cat\/en\/journeys-app-guiding-children-safely-through-the-barnahus-process\/\">Journeys App, guiding children safely through the Barnahus process<\/a><\/h4><div class=\"ultp-block-excerpt\">An interactive digital tool to help children understand and navigate the Barnahus process<\/div><\/div><\/div><\/div><\/div><div class=\"ultp-pagination-wrap ultp-pagination-ajax-action\" data-paged=\"1\" data-expost=\"\"  data-blockid=\"01e0fe\" data-postid=\"27388\" data-pages=\"41\" data-blockname=\"ultimate-post_post-grid-1\" data-selfpostid=\"yes\"><ul class=\"ultp-pagination\"><li class=\"ultp-prev-page-numbers\" style=\"display:none\"><a href=\"https:\/\/isocial.cat\/en\/wp-json\/wp\/v2\/posts\/27388\/\"><svg xmlns=\"http:\/\/www.w3.org\/2000\/svg\" fill=\"none\" viewBox=\"0 0 24 24\">\n  <path stroke=\"currentColor\" stroke-linecap=\"round\" stroke-linejoin=\"round\" stroke-width=\"1.5\" d=\"m15 18-6-6 6-6\"\/>\n<\/svg>\n <\/a><\/li><li class=\"ultp-first-pages\" style=\"display:none\" data-current=\"1\"><a href=\"https:\/\/isocial.cat\/en\/wp-json\/wp\/v2\/posts\/27388\/\">1<\/a><\/li><li class=\"ultp-first-dot\"style=\"display:none\"><a href=\"#\">&#8230;<\/a><\/li><li class=\"ultp-center-item pagination-active\" data-current=\"1\"><a href=\"https:\/\/isocial.cat\/en\/wp-json\/wp\/v2\/posts\/27388\/\">1<\/a><\/li><li class=\"ultp-center-item\" data-current=\"2\" ><a href=\"https:\/\/isocial.cat\/en\/wp-json\/wp\/v2\/posts\/27388\/page\/2\/\">2<\/a><\/li><li class=\"ultp-center-item\" data-current=\"3\" ><a href=\"https:\/\/isocial.cat\/en\/wp-json\/wp\/v2\/posts\/27388\/page\/3\/\">3<\/a><\/li><li class=\"ultp-last-dot\" ><a href=\"#\">&#8230;<\/a><\/li><li class=\"ultp-last-pages\" data-current=\"41\"><a href=\"https:\/\/isocial.cat\/en\/wp-json\/wp\/v2\/posts\/27388\/page\/41\/\">41<\/a><\/li><li class=\"ultp-next-page-numbers\"><a href=\"https:\/\/isocial.cat\/en\/wp-json\/wp\/v2\/posts\/27388\/page\/2\/\"><svg xmlns=\"http:\/\/www.w3.org\/2000\/svg\" fill=\"none\" viewBox=\"0 0 24 24\">\n  <path stroke=\"currentColor\" stroke-linecap=\"round\" stroke-linejoin=\"round\" stroke-width=\"1.5\" d=\"m9 18 6-6-6-6\"\/>\n<\/svg>\n<\/a><\/li><\/ul><\/div><\/div><div class=\"pagination-block-html\" aria-hidden=\"true\" style=\"display: none;\"><\/div><\/div>\n\n\n<div class=\"wp-block-genesis-blocks-gb-columns footer-newsletter gb-layout-columns-1 one-column alignfull\"><div class=\"gb-layout-column-wrap gb-block-layout-column-gap-2 gb-is-responsive-column\">\n<div class=\"wp-block-genesis-blocks-gb-column gb-block-layout-column\"><div class=\"gb-block-layout-column-inner\">\n<div class=\"wp-block-genesis-blocks-gb-columns container gb-layout-columns-1 one-column\"><div class=\"gb-layout-column-wrap gb-block-layout-column-gap-2 gb-is-responsive-column\">\n<div class=\"wp-block-genesis-blocks-gb-column gb-block-layout-column\"><div class=\"gb-block-layout-column-inner\"><style>.wp-block-kadence-advancedheading.kt-adv-heading_4d2423-9c, .wp-block-kadence-advancedheading.kt-adv-heading_4d2423-9c[data-kb-block=\"kb-adv-heading_4d2423-9c\"]{font-style:normal;}.wp-block-kadence-advancedheading.kt-adv-heading_4d2423-9c mark.kt-highlight, .wp-block-kadence-advancedheading.kt-adv-heading_4d2423-9c[data-kb-block=\"kb-adv-heading_4d2423-9c\"] mark.kt-highlight{font-style:normal;color:#f76a0c;-webkit-box-decoration-break:clone;box-decoration-break:clone;padding-top:0px;padding-right:0px;padding-bottom:0px;padding-left:0px;}.wp-block-kadence-advancedheading.kt-adv-heading_4d2423-9c img.kb-inline-image, .wp-block-kadence-advancedheading.kt-adv-heading_4d2423-9c[data-kb-block=\"kb-adv-heading_4d2423-9c\"] img.kb-inline-image{width:150px;vertical-align:baseline;}<\/style>\n<h3 class=\"kt-adv-heading_4d2423-9c titol-seccio wp-block-kadence-advancedheading\" data-kb-block=\"kb-adv-heading_4d2423-9c\">Newsletter<\/h3>\n\n\n<style>.wp-block-kadence-advancedheading.kt-adv-heading_cf2667-29, .wp-block-kadence-advancedheading.kt-adv-heading_cf2667-29[data-kb-block=\"kb-adv-heading_cf2667-29\"]{font-style:normal;}.wp-block-kadence-advancedheading.kt-adv-heading_cf2667-29 mark.kt-highlight, .wp-block-kadence-advancedheading.kt-adv-heading_cf2667-29[data-kb-block=\"kb-adv-heading_cf2667-29\"] mark.kt-highlight{font-style:normal;color:#f76a0c;-webkit-box-decoration-break:clone;box-decoration-break:clone;padding-top:0px;padding-right:0px;padding-bottom:0px;padding-left:0px;}.wp-block-kadence-advancedheading.kt-adv-heading_cf2667-29 img.kb-inline-image, .wp-block-kadence-advancedheading.kt-adv-heading_cf2667-29[data-kb-block=\"kb-adv-heading_cf2667-29\"] img.kb-inline-image{width:150px;vertical-align:baseline;}<\/style>\n<h4 class=\"kt-adv-heading_cf2667-29 wp-block-kadence-advancedheading\" data-kb-block=\"kb-adv-heading_cf2667-29\">Subscribe if you want to be informed about all the trends in innovation in social services.<\/h4>\n\n\n<\/div><\/div>\n<\/div><\/div>\n<\/div><\/div>\n<\/div><\/div>\n\n\n\n<p><\/p>\n","protected":false},"excerpt":{"rendered":"<p>Plena Inclusi\u00f3n Arag\u00f3n and Cooperativa Kair\u00f3s&#8217; metaverse is an avatar that enables learning daily skills to enhance the autonomy of people with intellectual disabilities<\/p>\n","protected":false},"author":5,"featured_media":27377,"comment_status":"closed","ping_status":"closed","sticky":false,"template":"","format":"standard","meta":{"_acf_changed":false,"inline_featured_image":false,"_kad_blocks_custom_css":"","_kad_blocks_head_custom_js":"","_kad_blocks_body_custom_js":"","_kad_blocks_footer_custom_js":"","footnotes":""},"categories":[165,177,153,155,147,135,141],"tags":[],"class_list":{"0":"post-27388","1":"post","2":"type-post","3":"status-publish","4":"format-standard","5":"has-post-thumbnail","6":"hentry","7":"category-new-technological-tool","8":"category-disability","9":"category-independent-living","10":"category-link-community","11":"category-personalization-service","12":"category-self-management-participation","13":"category-user-empowerment","15":"with-featured-image"},"acf":[],"taxonomy_info":{"category":[{"value":165,"label":"New technological tool"},{"value":177,"label":"Disability"},{"value":153,"label":"Independent living"},{"value":155,"label":"Link with the community"},{"value":147,"label":"Personalization of the service"},{"value":135,"label":"Self-management and participation"},{"value":141,"label":"User empowerment"}]},"featured_image_src_large":["https:\/\/isocial.cat\/wp-content\/uploads\/2024\/07\/Imatges-Posts-Web-2024-07-30T124000.708-min.png",1200,630,false],"author_info":{"display_name":"Ferran Benito","author_link":"https:\/\/isocial.cat\/en\/author\/fbenito\/"},"comment_info":0,"category_info":[{"term_id":165,"name":"New technological tool","slug":"new-technological-tool","term_group":0,"term_taxonomy_id":165,"taxonomy":"category","description":"","parent":157,"count":121,"filter":"raw","term_order":"0","cat_ID":165,"category_count":121,"category_description":"","cat_name":"New technological tool","category_nicename":"new-technological-tool","category_parent":157},{"term_id":177,"name":"Disability","slug":"disability","term_group":0,"term_taxonomy_id":177,"taxonomy":"category","description":"","parent":171,"count":77,"filter":"raw","term_order":"0","cat_ID":177,"category_count":77,"category_description":"","cat_name":"Disability","category_nicename":"disability","category_parent":171},{"term_id":153,"name":"Independent living","slug":"independent-living","term_group":0,"term_taxonomy_id":153,"taxonomy":"category","description":"","parent":127,"count":74,"filter":"raw","term_order":"0","cat_ID":153,"category_count":74,"category_description":"","cat_name":"Independent living","category_nicename":"independent-living","category_parent":127},{"term_id":155,"name":"Link with the community","slug":"link-community","term_group":0,"term_taxonomy_id":155,"taxonomy":"category","description":"","parent":127,"count":103,"filter":"raw","term_order":"0","cat_ID":155,"category_count":103,"category_description":"","cat_name":"Link with the community","category_nicename":"link-community","category_parent":127},{"term_id":147,"name":"Personalization of the service","slug":"personalization-service","term_group":0,"term_taxonomy_id":147,"taxonomy":"category","description":"","parent":127,"count":135,"filter":"raw","term_order":"0","cat_ID":147,"category_count":135,"category_description":"","cat_name":"Personalization of the service","category_nicename":"personalization-service","category_parent":127},{"term_id":135,"name":"Self-management and participation","slug":"self-management-participation","term_group":0,"term_taxonomy_id":135,"taxonomy":"category","description":"","parent":127,"count":92,"filter":"raw","term_order":"0","cat_ID":135,"category_count":92,"category_description":"","cat_name":"Self-management and participation","category_nicename":"self-management-participation","category_parent":127},{"term_id":141,"name":"User empowerment","slug":"user-empowerment","term_group":0,"term_taxonomy_id":141,"taxonomy":"category","description":"","parent":127,"count":137,"filter":"raw","term_order":"0","cat_ID":141,"category_count":137,"category_description":"","cat_name":"User empowerment","category_nicename":"user-empowerment","category_parent":127}],"tag_info":false,"featured_image_src":"https:\/\/isocial.cat\/wp-content\/uploads\/2024\/07\/Imatges-Posts-Web-2024-07-30T124000.708-min-600x400.png","featured_image_src_square":"https:\/\/isocial.cat\/wp-content\/uploads\/2024\/07\/Imatges-Posts-Web-2024-07-30T124000.708-min-600x600.png","_links":{"self":[{"href":"https:\/\/isocial.cat\/en\/wp-json\/wp\/v2\/posts\/27388","targetHints":{"allow":["GET"]}}],"collection":[{"href":"https:\/\/isocial.cat\/en\/wp-json\/wp\/v2\/posts"}],"about":[{"href":"https:\/\/isocial.cat\/en\/wp-json\/wp\/v2\/types\/post"}],"author":[{"embeddable":true,"href":"https:\/\/isocial.cat\/en\/wp-json\/wp\/v2\/users\/5"}],"replies":[{"embeddable":true,"href":"https:\/\/isocial.cat\/en\/wp-json\/wp\/v2\/comments?post=27388"}],"version-history":[{"count":2,"href":"https:\/\/isocial.cat\/en\/wp-json\/wp\/v2\/posts\/27388\/revisions"}],"predecessor-version":[{"id":27415,"href":"https:\/\/isocial.cat\/en\/wp-json\/wp\/v2\/posts\/27388\/revisions\/27415"}],"wp:featuredmedia":[{"embeddable":true,"href":"https:\/\/isocial.cat\/en\/wp-json\/wp\/v2\/media\/27377"}],"wp:attachment":[{"href":"https:\/\/isocial.cat\/en\/wp-json\/wp\/v2\/media?parent=27388"}],"wp:term":[{"taxonomy":"category","embeddable":true,"href":"https:\/\/isocial.cat\/en\/wp-json\/wp\/v2\/categories?post=27388"},{"taxonomy":"post_tag","embeddable":true,"href":"https:\/\/isocial.cat\/en\/wp-json\/wp\/v2\/tags?post=27388"}],"curies":[{"name":"wp","href":"https:\/\/api.w.org\/{rel}","templated":true}]}}