{"id":29003,"date":"2024-10-14T15:19:06","date_gmt":"2024-10-14T13:19:06","guid":{"rendered":"https:\/\/isocial.cat\/?p=29003"},"modified":"2024-10-14T15:50:31","modified_gmt":"2024-10-14T13:50:31","slug":"four-working-groups-launched-to-drive-innovation-in-social-action","status":"publish","type":"post","link":"https:\/\/isocial.cat\/en\/four-working-groups-launched-to-drive-innovation-in-social-action\/","title":{"rendered":"Four Working Groups Launched to Drive Innovation in Social Action"},"content":{"rendered":"\n<div class=\"wp-block-genesis-blocks-gb-container alignfull header--3 subhome--1 gb-block-container\"><div class=\"gb-container-inside\"><div class=\"gb-container-content\">\n<div class=\"wp-block-genesis-blocks-gb-container container gb-block-container\"><div class=\"gb-container-inside\"><div class=\"gb-container-content\">\n<span class=\"parent--link separador animated fadeInUp slow\"><a href=\"https:\/\/isocial.cat\/en\/publications\/\" data-type=\"page\" data-id=\"4907\">Publications<\/a> <a href=\"https:\/\/isocial.cat\/en\/news\/\" data-type=\"page\" data-id=\"12757\">News<\/a><\/span>\n\n\n<h1 class=\"animated fadeInUp delay-200ms slow wp-block-post-title\">Four Working Groups Launched to Drive Innovation in Social Action<\/h1>\n\n<div class=\"animated fadeInUp slow delay-500ms wp-block-post-date\"><time datetime=\"2024-10-14T15:19:06+02:00\">14 October 2024<\/time><\/div><\/div><\/div><\/div>\n<\/div><\/div><\/div>\n\n\n\n<div class=\"wp-block-genesis-blocks-gb-container container--2 subhome gb-block-container\"><div class=\"gb-container-inside\"><div class=\"gb-container-content\">\n<div class=\"wp-block-genesis-blocks-gb-columns fila post animated fadeInUp slow gb-layout-columns-3 gb-3-col-widecenter\"><div class=\"gb-layout-column-wrap gb-block-layout-column-gap-0 gb-is-responsive-column\">\n<div class=\"wp-block-genesis-blocks-gb-column gb-block-layout-column\"><div class=\"gb-block-layout-column-inner\">\n<p><\/p>\n<\/div><\/div>\n\n\n\n<div class=\"wp-block-genesis-blocks-gb-column gb-block-layout-column\"><div class=\"gb-block-layout-column-inner\"><div class=\"taxonomy-category actualitat--categories wp-block-post-terms\"><a href=\"https:\/\/isocial.cat\/en\/category\/featured-home\/\" rel=\"tag\">Featured Home<\/a><span class=\"wp-block-post-terms__separator\">, <\/span><a href=\"https:\/\/isocial.cat\/en\/category\/publications\/news\/\" rel=\"tag\">News<\/a><\/div>\n\n<figure class=\"img-destacada wp-block-post-featured-image\"><img loading=\"lazy\" decoding=\"async\" width=\"1200\" height=\"630\" src=\"https:\/\/isocial.cat\/wp-content\/uploads\/2024\/10\/Grups-de-treball.png\" class=\"attachment-post-thumbnail size-post-thumbnail wp-post-image\" alt=\"\" style=\"object-fit:cover;\" srcset=\"https:\/\/isocial.cat\/wp-content\/uploads\/2024\/10\/Grups-de-treball.png 1200w, https:\/\/isocial.cat\/wp-content\/uploads\/2024\/10\/Grups-de-treball-500x263.png 500w, https:\/\/isocial.cat\/wp-content\/uploads\/2024\/10\/Grups-de-treball-800x420.png 800w, https:\/\/isocial.cat\/wp-content\/uploads\/2024\/10\/Grups-de-treball-300x158.png 300w, https:\/\/isocial.cat\/wp-content\/uploads\/2024\/10\/Grups-de-treball-400x210.png 400w\" sizes=\"auto, (max-width: 1200px) 100vw, 1200px\" \/><\/figure>\n\n\n\n\n<div class=\"wp-block-genesis-blocks-gb-container contingut-post gb-block-container\"><div class=\"gb-container-inside\"><div class=\"gb-container-content\">\n<p class=\"lead-text has-large-font-size\">More than 30 professionals from 14 member organizations of iSocial are participating in the four working groups on self-directed supports, independent living, digital inclusion, and deinstitutionalization.<\/p>\n\n\n\n<p>Since last July, the iSocial Foundation has strengthened its internal working groups by launching three new groups and expanding the number of participants. <strong>These working groups are spaces for debate and exchange, where professionals reflect on new trends in the social sector<\/strong> and seek opportunities for improvement. The working groups are designed as idea laboratories, where specialists from our member organizations work together to generate knowledge collectively.<\/p>\n\n\n\n<p>The three new working groups build on <strong>the successful experience of the &#8220;All by Myself&#8221; group<\/strong>, which, over the past year, has analyzed the challenges faced by people with intellectual disabilities in achieving a more independent life, with professionals and people with disabilities from six member organizations. The success of this group has inspired the creation of <strong>three new spaces for reflection<\/strong>, focusing on the <strong>implementation of self-directed supports<\/strong>, <strong>digital inclusion for people experiencing homelessness<\/strong>, and the <strong>transformation of intervention in deinstitutionalization processes<\/strong>. In total, 32 professionals from 14 of our 19 member organizations are involved.<\/p>\n\n\n\n<p>The creation of these new working groups <strong>is also tied to a new project by the foundation<\/strong>, which involves the preparation and <strong>publication of a collection of Professional Guides on Innovation in Social Action<\/strong>. These guides, which we will begin publishing this fall, aim to promote knowledge, encourage the adoption of new perspectives, and facilitate the implementation of innovative methodologies and tools in the social sector. The working groups will actively contribute to the creation of these guides, jointly defining the topics and overseeing their development to ensure that the guides are practical, engaging tools for professionals in the sector, providing them with useful knowledge for their work.<\/p>\n\n\n<div  class=\"wp-block-ultimate-post-heading ultp-block-cc7c94\"><div class=\"ultp-block-wrapper\"><div class=\"ultp-heading-wrap ultp-heading-style9 ultp-heading-left\"><h2 class=\"ultp-heading-inner\"><span>Working Group on Self-Directed Support<\/span><\/h2><\/div><\/div><\/div>\n\n\n<p>In July, we launched the first of the new working groups, focused on Self-Directed Supports. Self-Directed Supports are <strong>an innovative approach to social intervention that facilitates the practice of Person-Centered Care<\/strong>, giving individuals the ability to decide and direct the supports they need, through personalization and collaboration. Its implementation requires practical changes in the system, including budgeting, evaluation, planning, and the provision of supports.<\/p>\n\n\n\n<p>The working group aims to reflect on these challenges and, based on the experience of some organizations, conceptualize the <strong>Professional Guide to Innovation in Self-Directed Supports<\/strong>. Through this guide, we seek to promote a shift in perspective regarding the importance of effectively integrating Self-Directed Supports into the social sector and to present basic actions that can help introduce this approach to professional teams.<\/p>\n\n\n<div  class=\"wp-block-ultimate-post-heading ultp-block-3a606c\"><div class=\"ultp-block-wrapper\"><div class=\"ultp-heading-wrap ultp-heading-style9 ultp-heading-left\"><h2 class=\"ultp-heading-inner\"><span>Working Group on D<strong>igital Inclusion for People Experiencing Homelessness<\/strong><\/span><\/h2><\/div><\/div><\/div>\n\n\n<p>Participation in the digital sphere has become an essential aspect of every citizen&#8217;s life, whether in terms of advancements in e-government and access to information, changes in social relationships, access to the job market, or leisure. However, <strong>many people experiencing homelessness do not have access to the digital world<\/strong>: they are one of the most digitally excluded groups in our society.<\/p>\n\n\n\n<p>Following the example of <strong><a href=\"https:\/\/isocial.cat\/en\/nidus\/\" target=\"_blank\" rel=\"noreferrer noopener\">NIDUS<\/a><\/strong> and the digital inclusion experience that some of our member organizations already have, the digital inclusion working group opens a space to reflect on this line of intervention as an essential part of social inclusion, as well as to come up with new initiatives to continue promoting digital inclusion for people experiencing homelessness.<\/p>\n\n\n<div  class=\"wp-block-ultimate-post-heading ultp-block-003f1e\"><div class=\"ultp-block-wrapper\"><div class=\"ultp-heading-wrap ultp-heading-style9 ultp-heading-left\"><h2 class=\"ultp-heading-inner\"><span>Working Group on Deinstitutionalization<\/span><\/h2><\/div><\/div><\/div>\n\n\n<p>The transition from an institutional model to deinstitutionalization redefines care and transforms how we think about social services, professional roles, and the institutions themselves. In response to this challenge, the Ministry of Social Rights, Consumer Affairs, and the 2030 Agenda has launched the <strong><a href=\"https:\/\/estrategiadesinstitucionalizacion.gob.es\/\" target=\"_blank\" rel=\"noopener\">State Strategy for a new model of community-based care: a process of deinstitutionalization<\/a><\/strong>.<\/p>\n\n\n\n<p>At iSocial, in addition to the <strong>&#8220;Practical Keys to Deinstitutionalization&#8221;<\/strong> training, we are launching the deinstitutionalization working group to share knowledge and reflect on the transformation of social intervention, decision-making support, and risk management in deinstitutionalization contexts.<\/p>\n\n\n<div  class=\"wp-block-ultimate-post-heading ultp-block-bcc034\"><div class=\"ultp-block-wrapper\"><div class=\"ultp-heading-wrap ultp-heading-style9 ultp-heading-left\"><h2 class=\"ultp-heading-inner\"><span>Working Group \u201cAll by my self\u201d on Independent Life<\/span><\/h2><\/div><\/div><\/div>\n\n\n<p>Since 2023, this group of professionals from six organizations specializing in supporting people with intellectual disabilities has been reflecting on person-centered approaches to identify their needs and develop innovative solutions.<\/p>\n\n\n\n<p>Following the Design Thinking methodology, <strong>the group has identified difficulties or pain points that people with intellectual disabilities face in their daily lives<\/strong> to achieve more independent living. The working method has involved a series of meetings with groups of six to eight people with intellectual disabilities, who shared their everyday contexts.<\/p>\n\n\n\n<p>These discussions allowed us to identify challenges, desires, and needs related to increasing their autonomy, which summarize the pain points of the group. From here, the group plans to continue working to identify possible innovative solutions that address the identified pain points.<\/p>\n\n\n\n<p>With these new working groups, the iSocial Foundation continues its efforts to promote the <strong>exchange of best practices among organizations<\/strong> and <strong>generate knowledge<\/strong> that can contribute to improving the delivery of social services, both in the public sector and the third sector.<\/p>\n\n\n\n<p><\/p>\n<\/div><\/div><\/div>\n<\/div><\/div>\n\n\n\n<div class=\"wp-block-genesis-blocks-gb-column gb-block-layout-column\"><div class=\"gb-block-layout-column-inner\">\n<p><\/p>\n<\/div><\/div>\n<\/div><\/div>\n\n\n\n\n<\/div><\/div><\/div>\n\n\n<div  class=\"ultp-post-grid-block wp-block-ultimate-post-post-grid-1 ultp-block-4651da container--2 subhome grid-darrers-projectes animated fadeInUp slow\"><div class=\"ultp-block-wrapper\"><div class=\"ultp-loading\"><div class=\"ultp-loading-spinner\" style=\"width:100%;height:100%\"><div><\/div><div><\/div><div><\/div><div><\/div><div><\/div><div><\/div><div><\/div><div><\/div><div><\/div><div><\/div><div><\/div><div><\/div><\/div><\/div><div class=\"ultp-heading-filter\"><div class=\"ultp-heading-filter-in\"><div class=\"ultp-heading-wrap ultp-heading-style1 ultp-heading-left\"><p class=\"ultp-heading-inner\"><span>Actualitat<\/span><\/p><\/div><div class=\"ultp-filter-navigation\"><\/div><\/div><\/div><div class=\"ultp-block-items-wrap ultp-block-row ultp-pg1a-style1 ultp-grid1-responsive ultp-block-column-4 1 1 ultp-layout1\"><div class=\"ultp-block-item post-id-37709\"><div class=\"ultp-block-content-wrap\"><div class=\"ultp-block-image ultp-block-image-zoomIn\"><a href=\"https:\/\/isocial.cat\/en\/emaus-gizarte-fundazioa-becomes-isocials-23rd-member\/\"><img loading=\"lazy\" decoding=\"async\" width=\"600\" height=\"600\"  class=\"ultp-block-image-content\"  alt=\"Imagen que muestra una acci\u00f3n de intervenci\u00f3n comunitaria llevada a cabo por Ema\u00fas. En la fotografia se ve una chica y un chico con un rodete de pintura delante de un muro con grafittis\"  src=\"https:\/\/isocial.cat\/wp-content\/uploads\/2026\/04\/Imagen-que-muestra-una-accion-de-intervencion-comunitaria-llevada-a-cabo-por-Emaus.-En-la-fotografia-se-ve-una-chica-y-un-chico-con-un-rodete-de-pintura-delante-de-un-muro-con-grafittis-600x600.png\" \/><\/a><\/div><div class=\"ultp-block-content\"><div class=\"ultp-category-grid ultp-category-classic ultp-category-aboveTitle\"><div class=\"ultp-category-in\"><a class=\"ultp-cat-featured-home\" href=\"https:\/\/isocial.cat\/en\/category\/featured-home\/\">Featured Home<\/a><a class=\"ultp-cat-news\" href=\"https:\/\/isocial.cat\/en\/category\/publications\/news\/\">News<\/a><\/div><\/div><h4 class=\"ultp-block-title \"><a href=\"https:\/\/isocial.cat\/en\/emaus-gizarte-fundazioa-becomes-isocials-23rd-member\/\">Emaus Gizarte Fundazioa becomes iSocial\u2019s 23rd member<\/a><\/h4><div class=\"ultp-block-excerpt\">Emaus Gizarte Fundazioa, a benchmark in community transformation and the circular economy in the Basque Country, has joined the iSocial Foundation as its 23rd member organisation. With this addition, the iSocial network continues to grow, reinforcing its commitment to social innovation and collective work.<\/div><\/div><\/div><\/div><div class=\"ultp-block-item post-id-36583\"><div class=\"ultp-block-content-wrap\"><div class=\"ultp-block-image ultp-block-image-zoomIn\"><a href=\"https:\/\/isocial.cat\/en\/rapnic-receives-the-2nd-prize-in-the-aina-territorial-intelligence-contest\/\"><img loading=\"lazy\" decoding=\"async\" width=\"600\" height=\"600\"  class=\"ultp-block-image-content\"  alt=\"AI\u2011powered voice recognition application\"  src=\"https:\/\/isocial.cat\/wp-content\/uploads\/2026\/03\/rapnic-600x600.png\" \/><\/a><\/div><div class=\"ultp-block-content\"><div class=\"ultp-category-grid ultp-category-classic ultp-category-aboveTitle\"><div class=\"ultp-category-in\"><a class=\"ultp-cat-featured-home\" href=\"https:\/\/isocial.cat\/en\/category\/featured-home\/\">Featured Home<\/a><a class=\"ultp-cat-news\" href=\"https:\/\/isocial.cat\/en\/category\/publications\/news\/\">News<\/a><a class=\"ultp-cat-publications\" href=\"https:\/\/isocial.cat\/en\/category\/publications\/\">Publications<\/a><\/div><\/div><h4 class=\"ultp-block-title \"><a href=\"https:\/\/isocial.cat\/en\/rapnic-receives-the-2nd-prize-in-the-aina-territorial-intelligence-contest\/\">RAPNIC receives the 2nd prize in the AINA \u201cTerritorial Intelligence\u201d contest<\/a><\/h4><div class=\"ultp-block-excerpt\">RAPNIC has been recognized in the category \u201cArtificial Intelligence to Reduce Digital Divides\u201d in the AINA \u201cTerritorial Intelligence\u201d contest, which promotes Catalan-language solutions aimed at improving accessibility and digital inclusion.<\/div><\/div><\/div><\/div><div class=\"ultp-block-item post-id-36440\"><div class=\"ultp-block-content-wrap\"><div class=\"ultp-block-image ultp-block-image-zoomIn\"><a href=\"https:\/\/isocial.cat\/en\/presentation-of-the-results-of-the-vincles-alt-pirineu-aran-project-for-the-2023-2025-period-at-an-event-in-sort\/\"><img loading=\"lazy\" decoding=\"async\" width=\"600\" height=\"600\"  class=\"ultp-block-image-content\"  alt=\"Cartelleria de l&#039;acte de presentaci\u00f3 de resultats del projecte Vincles 2023-2026\"  src=\"https:\/\/isocial.cat\/wp-content\/uploads\/2026\/03\/Noticia-Resultats-Vincles-min-600x600.png\" \/><\/a><\/div><div class=\"ultp-block-content\"><div class=\"ultp-category-grid ultp-category-classic ultp-category-aboveTitle\"><div class=\"ultp-category-in\"><a class=\"ultp-cat-featured-home\" href=\"https:\/\/isocial.cat\/en\/category\/featured-home\/\">Featured Home<\/a><a class=\"ultp-cat-news\" href=\"https:\/\/isocial.cat\/en\/category\/publications\/news\/\">News<\/a><\/div><\/div><h4 class=\"ultp-block-title \"><a href=\"https:\/\/isocial.cat\/en\/presentation-of-the-results-of-the-vincles-alt-pirineu-aran-project-for-the-2023-2025-period-at-an-event-in-sort\/\">Presentation of the results of the Vincles Alt Pirineu-Aran project for the 2023\u20132025 period at an event in Sort<\/a><\/h4><div class=\"ultp-block-excerpt\">On 5 March, we held the event in Sort to present the results of the Vincles project for the 2023\u20132025 period, highlighting both the programme\u2019s success and the need to ensure its continuity.<\/div><\/div><\/div><\/div><div class=\"ultp-block-item post-id-36330\"><div class=\"ultp-block-content-wrap\"><div class=\"ultp-block-image ultp-block-image-zoomIn\"><a href=\"https:\/\/isocial.cat\/en\/isocial-and-somos-conexion-join-forces-to-promote-knowledge-and-social-technology\/\"><img loading=\"lazy\" decoding=\"async\" width=\"1920\" height=\"1080\" class=\"ultp-block-image-content\" src=\"https:\/\/isocial.cat\/wp-content\/plugins\/ultimate-post\/assets\/img\/ultp-fallback-img.png\" alt=\"dummy-img\" \/><\/a><\/div><div class=\"ultp-block-content\"><div class=\"ultp-category-grid ultp-category-classic ultp-category-aboveTitle\"><div class=\"ultp-category-in\"><a class=\"ultp-cat-featured-home\" href=\"https:\/\/isocial.cat\/en\/category\/featured-home\/\">Featured Home<\/a><a class=\"ultp-cat-news\" href=\"https:\/\/isocial.cat\/en\/category\/publications\/news\/\">News<\/a><a class=\"ultp-cat-publications\" href=\"https:\/\/isocial.cat\/en\/category\/publications\/\">Publications<\/a><\/div><\/div><h4 class=\"ultp-block-title \"><a href=\"https:\/\/isocial.cat\/en\/isocial-and-somos-conexion-join-forces-to-promote-knowledge-and-social-technology\/\">iSocial and Somos Conexi\u00f3n join forces to promote knowledge and social technology<\/a><\/h4><div class=\"ultp-block-excerpt\">The cooperative Somos Conexi\u00f3n will sponsor three of the Innobreaks that we will hold throughout 2026. These sessions will focus on the conscious and inclusive use of technology in the social sphere, helping bring innovative initiatives closer to the sector that address emerging digital challenges<\/div><\/div><\/div><\/div><div class=\"ultp-block-item post-id-35323\"><div class=\"ultp-block-content-wrap\"><div class=\"ultp-block-image ultp-block-image-zoomIn\"><a href=\"https:\/\/isocial.cat\/en\/isocial-foundation-and-graustic-award-the-prize-for-social-integration-through-digitalization-to-the-dinder-club-app\/\"><img loading=\"lazy\" decoding=\"async\" width=\"600\" height=\"600\"  class=\"ultp-block-image-content\"  alt=\"Fotografia de grup despr\u00e9s de l&#039;entrega del premi a la Integraci\u00f3 Social a trav\u00e9s de la tecnologia, categoria dels premis d&#039;Innovaci\u00f3 Social de Catalunya GrausTIC patrocinada per iSocial\"  src=\"https:\/\/isocial.cat\/wp-content\/uploads\/2025\/11\/Fotografia-de-grup-despres-de-lentrega-del-premi-a-la-Integracio-Social-a-traves-de-la-tecnologia-categoria-dels-premis-dInnovacio-Social-de-Catalunya-GrausTIC-patrocinada-per-iSocial-600x600.png\" \/><\/a><\/div><div class=\"ultp-block-content\"><div class=\"ultp-category-grid ultp-category-classic ultp-category-aboveTitle\"><div class=\"ultp-category-in\"><a class=\"ultp-cat-featured-home\" href=\"https:\/\/isocial.cat\/en\/category\/featured-home\/\">Featured Home<\/a><a class=\"ultp-cat-news\" href=\"https:\/\/isocial.cat\/en\/category\/publications\/news\/\">News<\/a><\/div><\/div><h4 class=\"ultp-block-title \"><a href=\"https:\/\/isocial.cat\/en\/isocial-foundation-and-graustic-award-the-prize-for-social-integration-through-digitalization-to-the-dinder-club-app\/\">iSocial Foundation and GrausTIC Award the Prize for Social Integration through Digitalization to the Dinder Club App<\/a><\/h4><div class=\"ultp-block-excerpt\">With this award, the iSocial Foundation aims to recognize the work of Dinder Club, the first dating and leisure app designed for people with intellectual disabilities. This pioneering initiative promotes social inclusion through technology, offering a safe and accessible environment to facilitate personal relationships and group activities.<\/div><\/div><\/div><\/div><div class=\"ultp-block-item post-id-35233\"><div class=\"ultp-block-content-wrap\"><div class=\"ultp-block-image ultp-block-image-zoomIn\"><a href=\"https:\/\/isocial.cat\/en\/the-rehab-lab-network-recognized-by-plena-inclusion-as-a-practice-with-impact\/\"><img loading=\"lazy\" decoding=\"async\" width=\"1920\" height=\"1080\" class=\"ultp-block-image-content\" src=\"https:\/\/isocial.cat\/wp-content\/plugins\/ultimate-post\/assets\/img\/ultp-fallback-img.png\" alt=\"dummy-img\" \/><\/a><\/div><div class=\"ultp-block-content\"><div class=\"ultp-category-grid ultp-category-classic ultp-category-aboveTitle\"><div class=\"ultp-category-in\"><a class=\"ultp-cat-featured-home\" href=\"https:\/\/isocial.cat\/en\/category\/featured-home\/\">Featured Home<\/a><a class=\"ultp-cat-news\" href=\"https:\/\/isocial.cat\/en\/category\/publications\/news\/\">News<\/a><\/div><\/div><h4 class=\"ultp-block-title \"><a href=\"https:\/\/isocial.cat\/en\/the-rehab-lab-network-recognized-by-plena-inclusion-as-a-practice-with-impact\/\">The Rehab-Lab Network, recognized by Plena Inclusi\u00f3n as a \u201cPractice with Impact\u201d<\/a><\/h4><div class=\"ultp-block-excerpt\">Fundaci\u00f3 iSocial took part in the national meeting \u201cPr\u00e1cticas con Impacto\u201d organized by Plena Inclusi\u00f3n in Seville, where we presented the Rehab-Lab Network to more than 500 professionals and organizations from the intellectual disability sector.<\/div><\/div><\/div><\/div><\/div><div class=\"ultp-pagination-wrap ultp-pagination-ajax-action\" data-paged=\"1\" data-expost=\"\"  data-blockid=\"4651da\" data-postid=\"29003\" data-pages=\"23\" data-blockname=\"ultimate-post_post-grid-1\" data-selfpostid=\"yes\"><ul class=\"ultp-pagination\"><li class=\"ultp-prev-page-numbers\" style=\"display:none\"><a href=\"https:\/\/isocial.cat\/en\/wp-json\/wp\/v2\/posts\/29003\/\"><svg xmlns=\"http:\/\/www.w3.org\/2000\/svg\" fill=\"none\" viewBox=\"0 0 24 24\">\n  <path stroke=\"currentColor\" stroke-linecap=\"round\" stroke-linejoin=\"round\" stroke-width=\"1.5\" d=\"m15 18-6-6 6-6\"\/>\n<\/svg>\n <\/a><\/li><li class=\"ultp-first-pages\" style=\"display:none\" data-current=\"1\"><a href=\"https:\/\/isocial.cat\/en\/wp-json\/wp\/v2\/posts\/29003\/\">1<\/a><\/li><li class=\"ultp-first-dot\"style=\"display:none\"><a href=\"#\">&#8230;<\/a><\/li><li class=\"ultp-center-item pagination-active\" data-current=\"1\"><a href=\"https:\/\/isocial.cat\/en\/wp-json\/wp\/v2\/posts\/29003\/\">1<\/a><\/li><li class=\"ultp-center-item\" data-current=\"2\" ><a href=\"https:\/\/isocial.cat\/en\/wp-json\/wp\/v2\/posts\/29003\/page\/2\/\">2<\/a><\/li><li class=\"ultp-center-item\" data-current=\"3\" ><a href=\"https:\/\/isocial.cat\/en\/wp-json\/wp\/v2\/posts\/29003\/page\/3\/\">3<\/a><\/li><li class=\"ultp-last-dot\" ><a href=\"#\">&#8230;<\/a><\/li><li class=\"ultp-last-pages\" data-current=\"23\"><a href=\"https:\/\/isocial.cat\/en\/wp-json\/wp\/v2\/posts\/29003\/page\/23\/\">23<\/a><\/li><li class=\"ultp-next-page-numbers\"><a href=\"https:\/\/isocial.cat\/en\/wp-json\/wp\/v2\/posts\/29003\/page\/2\/\"><svg xmlns=\"http:\/\/www.w3.org\/2000\/svg\" fill=\"none\" viewBox=\"0 0 24 24\">\n  <path stroke=\"currentColor\" stroke-linecap=\"round\" stroke-linejoin=\"round\" stroke-width=\"1.5\" d=\"m9 18 6-6-6-6\"\/>\n<\/svg>\n<\/a><\/li><\/ul><\/div><\/div><div class=\"pagination-block-html\" aria-hidden=\"true\" style=\"display: none;\"><\/div><\/div>\n\n\n<div class=\"wp-block-genesis-blocks-gb-columns footer-newsletter gb-layout-columns-1 one-column alignfull\"><div class=\"gb-layout-column-wrap gb-block-layout-column-gap-2 gb-is-responsive-column\">\n<div class=\"wp-block-genesis-blocks-gb-column gb-block-layout-column\"><div class=\"gb-block-layout-column-inner\">\n<div class=\"wp-block-genesis-blocks-gb-columns container gb-layout-columns-1 one-column\"><div class=\"gb-layout-column-wrap gb-block-layout-column-gap-2 gb-is-responsive-column\">\n<div class=\"wp-block-genesis-blocks-gb-column gb-block-layout-column\"><div class=\"gb-block-layout-column-inner\"><style>.wp-block-kadence-advancedheading.kt-adv-heading_4d2423-9c, .wp-block-kadence-advancedheading.kt-adv-heading_4d2423-9c[data-kb-block=\"kb-adv-heading_4d2423-9c\"]{font-style:normal;}.wp-block-kadence-advancedheading.kt-adv-heading_4d2423-9c mark.kt-highlight, .wp-block-kadence-advancedheading.kt-adv-heading_4d2423-9c[data-kb-block=\"kb-adv-heading_4d2423-9c\"] mark.kt-highlight{font-style:normal;color:#f76a0c;-webkit-box-decoration-break:clone;box-decoration-break:clone;padding-top:0px;padding-right:0px;padding-bottom:0px;padding-left:0px;}.wp-block-kadence-advancedheading.kt-adv-heading_4d2423-9c img.kb-inline-image, .wp-block-kadence-advancedheading.kt-adv-heading_4d2423-9c[data-kb-block=\"kb-adv-heading_4d2423-9c\"] img.kb-inline-image{width:150px;vertical-align:baseline;}<\/style>\n<h3 class=\"kt-adv-heading_4d2423-9c titol-seccio wp-block-kadence-advancedheading\" data-kb-block=\"kb-adv-heading_4d2423-9c\">Newsletter<\/h3>\n\n\n<style>.wp-block-kadence-advancedheading.kt-adv-heading_cf2667-29, .wp-block-kadence-advancedheading.kt-adv-heading_cf2667-29[data-kb-block=\"kb-adv-heading_cf2667-29\"]{font-style:normal;}.wp-block-kadence-advancedheading.kt-adv-heading_cf2667-29 mark.kt-highlight, .wp-block-kadence-advancedheading.kt-adv-heading_cf2667-29[data-kb-block=\"kb-adv-heading_cf2667-29\"] mark.kt-highlight{font-style:normal;color:#f76a0c;-webkit-box-decoration-break:clone;box-decoration-break:clone;padding-top:0px;padding-right:0px;padding-bottom:0px;padding-left:0px;}.wp-block-kadence-advancedheading.kt-adv-heading_cf2667-29 img.kb-inline-image, .wp-block-kadence-advancedheading.kt-adv-heading_cf2667-29[data-kb-block=\"kb-adv-heading_cf2667-29\"] img.kb-inline-image{width:150px;vertical-align:baseline;}<\/style>\n<h4 class=\"kt-adv-heading_cf2667-29 wp-block-kadence-advancedheading\" data-kb-block=\"kb-adv-heading_cf2667-29\">Subscribe if you want to be informed about all the trends in innovation in social services.<\/h4>\n\n\n<\/div><\/div>\n<\/div><\/div>\n<\/div><\/div>\n<\/div><\/div>\n","protected":false},"excerpt":{"rendered":"<p>More than 30 professionals from 14 member organizations of iSocial are participating in the four working groups on self-directed supports, independent living, digital inclusion, and deinstitutionalization.<\/p>\n","protected":false},"author":5,"featured_media":28990,"comment_status":"closed","ping_status":"closed","sticky":false,"template":"","format":"standard","meta":{"_acf_changed":false,"inline_featured_image":false,"_kad_blocks_custom_css":"","_kad_blocks_head_custom_js":"","_kad_blocks_body_custom_js":"","_kad_blocks_footer_custom_js":"","footnotes":""},"categories":[122,207],"tags":[],"class_list":{"0":"post-29003","1":"post","2":"type-post","3":"status-publish","4":"format-standard","5":"has-post-thumbnail","6":"hentry","7":"category-featured-home","8":"category-news","10":"with-featured-image"},"acf":[],"taxonomy_info":{"category":[{"value":122,"label":"Featured Home"},{"value":207,"label":"News"}]},"featured_image_src_large":["https:\/\/isocial.cat\/wp-content\/uploads\/2024\/10\/Grups-de-treball.png",1200,630,false],"author_info":{"display_name":"Ferran Benito","author_link":"https:\/\/isocial.cat\/en\/author\/fbenito\/"},"comment_info":0,"category_info":[{"term_id":122,"name":"Featured Home","slug":"featured-home","term_group":0,"term_taxonomy_id":122,"taxonomy":"category","description":"","parent":0,"count":107,"filter":"raw","term_order":"0","cat_ID":122,"category_count":107,"category_description":"","cat_name":"Featured Home","category_nicename":"featured-home","category_parent":0},{"term_id":207,"name":"News","slug":"news","term_group":0,"term_taxonomy_id":207,"taxonomy":"category","description":"","parent":103,"count":133,"filter":"raw","term_order":"0","cat_ID":207,"category_count":133,"category_description":"","cat_name":"News","category_nicename":"news","category_parent":103}],"tag_info":false,"featured_image_src":"https:\/\/isocial.cat\/wp-content\/uploads\/2024\/10\/Grups-de-treball-600x400.png","featured_image_src_square":"https:\/\/isocial.cat\/wp-content\/uploads\/2024\/10\/Grups-de-treball-600x600.png","_links":{"self":[{"href":"https:\/\/isocial.cat\/en\/wp-json\/wp\/v2\/posts\/29003","targetHints":{"allow":["GET"]}}],"collection":[{"href":"https:\/\/isocial.cat\/en\/wp-json\/wp\/v2\/posts"}],"about":[{"href":"https:\/\/isocial.cat\/en\/wp-json\/wp\/v2\/types\/post"}],"author":[{"embeddable":true,"href":"https:\/\/isocial.cat\/en\/wp-json\/wp\/v2\/users\/5"}],"replies":[{"embeddable":true,"href":"https:\/\/isocial.cat\/en\/wp-json\/wp\/v2\/comments?post=29003"}],"version-history":[{"count":1,"href":"https:\/\/isocial.cat\/en\/wp-json\/wp\/v2\/posts\/29003\/revisions"}],"predecessor-version":[{"id":29006,"href":"https:\/\/isocial.cat\/en\/wp-json\/wp\/v2\/posts\/29003\/revisions\/29006"}],"wp:featuredmedia":[{"embeddable":true,"href":"https:\/\/isocial.cat\/en\/wp-json\/wp\/v2\/media\/28990"}],"wp:attachment":[{"href":"https:\/\/isocial.cat\/en\/wp-json\/wp\/v2\/media?parent=29003"}],"wp:term":[{"taxonomy":"category","embeddable":true,"href":"https:\/\/isocial.cat\/en\/wp-json\/wp\/v2\/categories?post=29003"},{"taxonomy":"post_tag","embeddable":true,"href":"https:\/\/isocial.cat\/en\/wp-json\/wp\/v2\/tags?post=29003"}],"curies":[{"name":"wp","href":"https:\/\/api.w.org\/{rel}","templated":true}]}}