{"id":29621,"date":"2024-11-29T15:02:40","date_gmt":"2024-11-29T14:02:40","guid":{"rendered":"https:\/\/isocial.cat\/?p=29621"},"modified":"2024-12-05T18:09:24","modified_gmt":"2024-12-05T17:09:24","slug":"rapnic-project-wins-the-2024-csc-impulsa-award-for-innovation-in-ai-in-the-social-field","status":"publish","type":"post","link":"https:\/\/isocial.cat\/en\/rapnic-project-wins-the-2024-csc-impulsa-award-for-innovation-in-ai-in-the-social-field\/","title":{"rendered":"RAPNIC Project Wins the 2024 CSC Impulsa Award for Innovation in AI in the Social Field"},"content":{"rendered":"\n<div class=\"wp-block-genesis-blocks-gb-container alignfull header--3 subhome--1 gb-block-container\"><div class=\"gb-container-inside\"><div class=\"gb-container-content\">\n<div class=\"wp-block-genesis-blocks-gb-container container gb-block-container\"><div class=\"gb-container-inside\"><div class=\"gb-container-content\">\n<span class=\"parent--link separador animated fadeInUp slow\"><a href=\"https:\/\/isocial.cat\/en\/publications\/\" data-type=\"page\" data-id=\"4907\">Publications<\/a> <a href=\"https:\/\/isocial.cat\/en\/news\/\" data-type=\"page\" data-id=\"12757\">News<\/a><\/span>\n\n\n<h1 class=\"animated fadeInUp delay-200ms slow wp-block-post-title\">RAPNIC Project Wins the 2024 CSC Impulsa Award for Innovation in AI in the Social Field<\/h1>\n\n<div class=\"animated fadeInUp slow delay-500ms wp-block-post-date\"><time datetime=\"2024-11-29T15:02:40+01:00\">29 November 2024<\/time><\/div><\/div><\/div><\/div>\n<\/div><\/div><\/div>\n\n\n\n<div class=\"wp-block-genesis-blocks-gb-container container--2 subhome gb-block-container\"><div class=\"gb-container-inside\"><div class=\"gb-container-content\">\n<div class=\"wp-block-genesis-blocks-gb-columns fila post animated fadeInUp slow gb-layout-columns-3 gb-3-col-widecenter\"><div class=\"gb-layout-column-wrap gb-block-layout-column-gap-0 gb-is-responsive-column\">\n<div class=\"wp-block-genesis-blocks-gb-column gb-block-layout-column\"><div class=\"gb-block-layout-column-inner\">\n<p><\/p>\n<\/div><\/div>\n\n\n\n<div class=\"wp-block-genesis-blocks-gb-column gb-block-layout-column\"><div class=\"gb-block-layout-column-inner\"><div class=\"taxonomy-category actualitat--categories wp-block-post-terms\"><a href=\"https:\/\/isocial.cat\/en\/category\/featured-home\/\" rel=\"tag\">Featured Home<\/a><span class=\"wp-block-post-terms__separator\">, <\/span><a href=\"https:\/\/isocial.cat\/en\/category\/publications\/news\/\" rel=\"tag\">News<\/a><\/div>\n\n<figure class=\"img-destacada wp-block-post-featured-image\"><img loading=\"lazy\" decoding=\"async\" width=\"1200\" height=\"630\" src=\"https:\/\/isocial.cat\/wp-content\/uploads\/2024\/11\/Premi-CSC-Impulsa-a-RAPNIC-web.png\" class=\"attachment-post-thumbnail size-post-thumbnail wp-post-image\" alt=\"\" style=\"object-fit:cover;\" srcset=\"https:\/\/isocial.cat\/wp-content\/uploads\/2024\/11\/Premi-CSC-Impulsa-a-RAPNIC-web.png 1200w, https:\/\/isocial.cat\/wp-content\/uploads\/2024\/11\/Premi-CSC-Impulsa-a-RAPNIC-web-500x263.png 500w, https:\/\/isocial.cat\/wp-content\/uploads\/2024\/11\/Premi-CSC-Impulsa-a-RAPNIC-web-800x420.png 800w, https:\/\/isocial.cat\/wp-content\/uploads\/2024\/11\/Premi-CSC-Impulsa-a-RAPNIC-web-300x158.png 300w, https:\/\/isocial.cat\/wp-content\/uploads\/2024\/11\/Premi-CSC-Impulsa-a-RAPNIC-web-400x210.png 400w\" sizes=\"auto, (max-width: 1200px) 100vw, 1200px\" \/><\/figure>\n\n\n\n\n<div class=\"wp-block-genesis-blocks-gb-container contingut-post gb-block-container\"><div class=\"gb-container-inside\"><div class=\"gb-container-content\">\n<p class=\"lead-text has-large-font-size\">The RAPNIC project will create a corpus of recordings to train algorithms and enable voice recognition systems to identify unintelligible speech.<\/p>\n\n\n\n<p>The <strong>RAPNIC<\/strong> Project \u2013 an acronym for Automatic Recognition of Unintelligible Speech in Catalan \u2013 has been named the winner of the <strong>CSC Impulsa 2024 Awards<\/strong> in the category of Innovative AI Projects in the Social Field. This award, presented by the <strong>Health and Social Consortium of Catalonia<\/strong> (CSC) on November 28 at an event held at CosmoCaixa in Barcelona, highlights the innovative nature of the initiative, which is currently in its early conceptual stages. The recognition will enable the project to move forward, aiming to <strong>improve the quality of life for people with speech disorders through the use of artificial intelligence<\/strong>.<\/p>\n\n\n<div  class=\"wp-block-ultimate-post-heading ultp-block-61e3ba\"><div class=\"ultp-block-wrapper\"><div class=\"ultp-heading-wrap ultp-heading-style9 ultp-heading-left\"><h2 class=\"ultp-heading-inner\"><span>A Solution to Break Down Communication Barriers<\/span><\/h2><\/div><\/div><\/div>\n\n\n<p>RAPNIC addresses a specific and widely neglected challenge: the difficulty people with speech impairments face in accessing voice recognition technologies. These technologies are particularly valuable for this population as they can support daily tasks and enhance autonomy. However, the only solution currently available, <strong><a href=\"https:\/\/isocial.cat\/en\/voiceitt-voice-assistant-for-people-with-speech-impairments\/\" target=\"_blank\" rel=\"noreferrer noopener\">Voiceitt<\/a><\/strong>, is offered exclusively in English. Voice recognition tools in Catalan \u2013 and many other languages \u2013 are currently unable to interpret speech with reduced intelligibility because no foundational database exists to train the necessary algorithms.<\/p>\n\n\n\n<p>The main goal of the RAPNIC project is <strong>to develop AI technology capable of recognizing and interpreting unintelligible speech in Catalan<\/strong>. By creating a comprehensive and relevant corpus of recordings, RAPNIC will make it possible <strong>to train open-source AI models tailored to the Catalan language<\/strong>. A public demonstrator of unintelligible speech recognition will subsequently be developed using the newly created database.<\/p>\n\n\n\n<p>In its initial phase, the project will focus on recording speech from <strong>individuals with Down syndrome and cerebral palsy<\/strong>, groups that together include approximately <strong>22,000 people<\/strong> within the Catalan-speaking region. These groups have less severe speech impairments, making it easier to train the algorithms. Over the coming months, a minimum of <strong>100 hours of voice recordings will be gathered with the participation of 120 volunteers <\/strong>from these groups, selected by expert speech therapists. Later, the project aims to expand the solution to the broader population of <strong>49,000 individuals with speech impairments in the Catalan-speaking area<\/strong>, including those with more severe conditions. This tool will allow users to access telecare services, give commands to voice assistants, and communicate more independently and effectively with family members and professionals.<\/p>\n\n\n<div  class=\"wp-block-ultimate-post-heading ultp-block-70c7a1\"><div class=\"ultp-block-wrapper\"><div class=\"ultp-heading-wrap ultp-heading-style9 ultp-heading-left\"><h2 class=\"ultp-heading-inner\"><span>A Collaborative Effort for Inclusive Technology<\/span><\/h2><\/div><\/div><\/div>\n\n\n<p>The RAPNIC project will be led by the iSocial Foundation. However, the CSC award application was submitted by the Catalan Down Syndrome Foundation (FCSD), a member of iSocial, on behalf of all project partners. The group of organizations driving RAPNIC includes, in addition to iSocial and FCSD, five other disability sector entities (Ampans Foundation, Maresme Foundation, Grup Alba, Aspace Catalunya Foundation \u2013members de four of them of iSocial\u2013 and Astres Foundation). These organizations bring their expertise in working with individuals with functional diversity.<\/p>\n\n\n\n<p>RAPNIC also benefits from scientific support provided by the Language and Computation Center at the University of Barcelona and the CIEN Research Group at the Autonomous University of Barcelona. On the technological side, the project collaborates with the cooperative Col\u00b7lectivaT and the Salus.Coop platform for data donation in research. This collaborative network aims to integrate science, technology, and social action to achieve a shared goal.<\/p>\n\n\n<style>.wp-block-kadence-advancedheading.kt-adv-heading29621_684305-e0, .wp-block-kadence-advancedheading.kt-adv-heading29621_684305-e0[data-kb-block=\"kb-adv-heading29621_684305-e0\"]{font-size:var(--global-kb-font-size-lg, 2rem);font-style:normal;}.wp-block-kadence-advancedheading.kt-adv-heading29621_684305-e0 mark.kt-highlight, .wp-block-kadence-advancedheading.kt-adv-heading29621_684305-e0[data-kb-block=\"kb-adv-heading29621_684305-e0\"] mark.kt-highlight{font-style:normal;color:#f76a0c;-webkit-box-decoration-break:clone;box-decoration-break:clone;padding-top:0px;padding-right:0px;padding-bottom:0px;padding-left:0px;}.wp-block-kadence-advancedheading.kt-adv-heading29621_684305-e0 img.kb-inline-image, .wp-block-kadence-advancedheading.kt-adv-heading29621_684305-e0[data-kb-block=\"kb-adv-heading29621_684305-e0\"] img.kb-inline-image{width:150px;vertical-align:baseline;}<\/style>\n<p class=\"kt-adv-heading29621_684305-e0 wp-block-kadence-advancedheading\" data-kb-block=\"kb-adv-heading29621_684305-e0\"><strong>Recognizing the Future of Digital Inclusion<\/strong><\/p>\n\n\n\n<p>The recognition from the Health and Social Consortium of Catalonia (CSC), which includes <strong>\u20ac20,000 in funding and technical support from the Consortium<\/strong>, will be instrumental in turning this initiative into a tangible reality.<\/p>\n\n\n\n<p>With this distinction, RAPNIC takes a decisive step toward establishing itself as a key project promoting accessibility, inclusion, and empowerment for people with disabilities through artificial intelligence.<\/p>\n\n\n\n<p>Watch the v\u00eddeo of the application!<\/p>\n\n\n\n<figure class=\"wp-block-embed is-type-video is-provider-youtube wp-block-embed-youtube wp-embed-aspect-16-9 wp-has-aspect-ratio\"><div class=\"wp-block-embed__wrapper\">\n<iframe loading=\"lazy\" title=\"Projecte RAPNIC\" width=\"905\" height=\"509\" src=\"https:\/\/www.youtube.com\/embed\/-FOYbwztPjE?feature=oembed\" frameborder=\"0\" allow=\"accelerometer; autoplay; clipboard-write; encrypted-media; gyroscope; picture-in-picture; web-share\" referrerpolicy=\"strict-origin-when-cross-origin\" allowfullscreen><\/iframe>\n<\/div><\/figure>\n<\/div><\/div><\/div>\n<\/div><\/div>\n\n\n\n<div class=\"wp-block-genesis-blocks-gb-column gb-block-layout-column\"><div class=\"gb-block-layout-column-inner\">\n<p><\/p>\n<\/div><\/div>\n<\/div><\/div>\n\n\n\n\n<\/div><\/div><\/div>\n\n\n<div  class=\"ultp-post-grid-block wp-block-ultimate-post-post-grid-1 ultp-block-864e3d container--2 subhome grid-darrers-projectes animated fadeInUp slow\"><div class=\"ultp-block-wrapper\"><div class=\"ultp-loading\"><div class=\"ultp-loading-spinner\" style=\"width:100%;height:100%\"><div><\/div><div><\/div><div><\/div><div><\/div><div><\/div><div><\/div><div><\/div><div><\/div><div><\/div><div><\/div><div><\/div><div><\/div><\/div><\/div><div class=\"ultp-heading-filter\"><div class=\"ultp-heading-filter-in\"><div class=\"ultp-heading-wrap ultp-heading-style1 ultp-heading-left\"><p class=\"ultp-heading-inner\"><span>Actualitat<\/span><\/p><\/div><div class=\"ultp-filter-navigation\"><\/div><\/div><\/div><div class=\"ultp-block-items-wrap ultp-block-row ultp-pg1a-style1 ultp-grid1-responsive ultp-block-column-4 1 1 ultp-layout1\"><div class=\"ultp-block-item post-id-37709\"><div class=\"ultp-block-content-wrap\"><div class=\"ultp-block-image ultp-block-image-zoomIn\"><a href=\"https:\/\/isocial.cat\/en\/emaus-gizarte-fundazioa-becomes-isocials-23rd-member\/\" ><img loading=\"lazy\" decoding=\"async\" width=\"600\" height=\"600\"  class=\"ultp-block-image-content\"  alt=\"Imagen que muestra una acci\u00f3n de intervenci\u00f3n comunitaria llevada a cabo por Ema\u00fas. En la fotografia se ve una chica y un chico con un rodete de pintura delante de un muro con grafittis\"  src=\"https:\/\/isocial.cat\/wp-content\/uploads\/2026\/04\/Imagen-que-muestra-una-accion-de-intervencion-comunitaria-llevada-a-cabo-por-Emaus.-En-la-fotografia-se-ve-una-chica-y-un-chico-con-un-rodete-de-pintura-delante-de-un-muro-con-grafittis-600x600.png\" \/><\/a><\/div><div class=\"ultp-block-content\"><div class=\"ultp-category-grid ultp-category-classic ultp-category-aboveTitle\"><div class=\"ultp-category-in\"><a class=\"ultp-cat-featured-home\" href=\"https:\/\/isocial.cat\/en\/category\/featured-home\/\"  >Featured Home<\/a><a class=\"ultp-cat-news\" href=\"https:\/\/isocial.cat\/en\/category\/publications\/news\/\"  >News<\/a><\/div><\/div><h4 class=\"ultp-block-title \"><a href=\"https:\/\/isocial.cat\/en\/emaus-gizarte-fundazioa-becomes-isocials-23rd-member\/\" >Emaus Gizarte Fundazioa becomes iSocial\u2019s 23rd member<\/a><\/h4><div class=\"ultp-block-excerpt\">Emaus Gizarte Fundazioa, a benchmark in community transformation and the circular economy in the Basque Country, has joined the iSocial Foundation as its 23rd member organisation. With this addition, the iSocial network continues to grow, reinforcing its commitment to social innovation and collective work.<\/div><\/div><\/div><\/div><div class=\"ultp-block-item post-id-36583\"><div class=\"ultp-block-content-wrap\"><div class=\"ultp-block-image ultp-block-image-zoomIn\"><a href=\"https:\/\/isocial.cat\/en\/rapnic-receives-the-2nd-prize-in-the-aina-territorial-intelligence-contest\/\" ><img loading=\"lazy\" decoding=\"async\" width=\"600\" height=\"600\"  class=\"ultp-block-image-content\"  alt=\"AI\u2011powered voice recognition application\"  src=\"https:\/\/isocial.cat\/wp-content\/uploads\/2026\/03\/rapnic-600x600.png\" \/><\/a><\/div><div class=\"ultp-block-content\"><div class=\"ultp-category-grid ultp-category-classic ultp-category-aboveTitle\"><div class=\"ultp-category-in\"><a class=\"ultp-cat-featured-home\" href=\"https:\/\/isocial.cat\/en\/category\/featured-home\/\"  >Featured Home<\/a><a class=\"ultp-cat-news\" href=\"https:\/\/isocial.cat\/en\/category\/publications\/news\/\"  >News<\/a><a class=\"ultp-cat-publications\" href=\"https:\/\/isocial.cat\/en\/category\/publications\/\"  >Publications<\/a><\/div><\/div><h4 class=\"ultp-block-title \"><a href=\"https:\/\/isocial.cat\/en\/rapnic-receives-the-2nd-prize-in-the-aina-territorial-intelligence-contest\/\" >RAPNIC receives the 2nd prize in the AINA \u201cTerritorial Intelligence\u201d contest<\/a><\/h4><div class=\"ultp-block-excerpt\">RAPNIC has been recognized in the category \u201cArtificial Intelligence to Reduce Digital Divides\u201d in the AINA \u201cTerritorial Intelligence\u201d contest, which promotes Catalan-language solutions aimed at improving accessibility and digital inclusion.<\/div><\/div><\/div><\/div><div class=\"ultp-block-item post-id-36440\"><div class=\"ultp-block-content-wrap\"><div class=\"ultp-block-image ultp-block-image-zoomIn\"><a href=\"https:\/\/isocial.cat\/en\/presentation-of-the-results-of-the-vincles-alt-pirineu-aran-project-for-the-2023-2025-period-at-an-event-in-sort\/\" ><img loading=\"lazy\" decoding=\"async\" width=\"600\" height=\"600\"  class=\"ultp-block-image-content\"  alt=\"Cartelleria de l&#039;acte de presentaci\u00f3 de resultats del projecte Vincles 2023-2026\"  src=\"https:\/\/isocial.cat\/wp-content\/uploads\/2026\/03\/Noticia-Resultats-Vincles-min-600x600.png\" \/><\/a><\/div><div class=\"ultp-block-content\"><div class=\"ultp-category-grid ultp-category-classic ultp-category-aboveTitle\"><div class=\"ultp-category-in\"><a class=\"ultp-cat-featured-home\" href=\"https:\/\/isocial.cat\/en\/category\/featured-home\/\"  >Featured Home<\/a><a class=\"ultp-cat-news\" href=\"https:\/\/isocial.cat\/en\/category\/publications\/news\/\"  >News<\/a><\/div><\/div><h4 class=\"ultp-block-title \"><a href=\"https:\/\/isocial.cat\/en\/presentation-of-the-results-of-the-vincles-alt-pirineu-aran-project-for-the-2023-2025-period-at-an-event-in-sort\/\" >Presentation of the results of the Vincles Alt Pirineu-Aran project for the 2023\u20132025 period at an event in Sort<\/a><\/h4><div class=\"ultp-block-excerpt\">On 5 March, we held the event in Sort to present the results of the Vincles project for the 2023\u20132025 period, highlighting both the programme\u2019s success and the need to ensure its continuity.<\/div><\/div><\/div><\/div><div class=\"ultp-block-item post-id-36330\"><div class=\"ultp-block-content-wrap\"><div class=\"ultp-block-image ultp-block-image-zoomIn\"><a href=\"https:\/\/isocial.cat\/en\/isocial-and-somos-conexion-join-forces-to-promote-knowledge-and-social-technology\/\" ><img loading=\"lazy\" decoding=\"async\" width=\"1920\" height=\"1080\" class=\"ultp-block-image-content\" src=\"https:\/\/isocial.cat\/wp-content\/plugins\/ultimate-post\/assets\/img\/ultp-fallback-img.png\" alt=\"dummy-img\" \/><\/a><\/div><div class=\"ultp-block-content\"><div class=\"ultp-category-grid ultp-category-classic ultp-category-aboveTitle\"><div class=\"ultp-category-in\"><a class=\"ultp-cat-featured-home\" href=\"https:\/\/isocial.cat\/en\/category\/featured-home\/\"  >Featured Home<\/a><a class=\"ultp-cat-news\" href=\"https:\/\/isocial.cat\/en\/category\/publications\/news\/\"  >News<\/a><a class=\"ultp-cat-publications\" href=\"https:\/\/isocial.cat\/en\/category\/publications\/\"  >Publications<\/a><\/div><\/div><h4 class=\"ultp-block-title \"><a href=\"https:\/\/isocial.cat\/en\/isocial-and-somos-conexion-join-forces-to-promote-knowledge-and-social-technology\/\" >iSocial and Somos Conexi\u00f3n join forces to promote knowledge and social technology<\/a><\/h4><div class=\"ultp-block-excerpt\">The cooperative Somos Conexi\u00f3n will sponsor three of the Innobreaks that we will hold throughout 2026. These sessions will focus on the conscious and inclusive use of technology in the social sphere, helping bring innovative initiatives closer to the sector that address emerging digital challenges<\/div><\/div><\/div><\/div><div class=\"ultp-block-item post-id-35323\"><div class=\"ultp-block-content-wrap\"><div class=\"ultp-block-image ultp-block-image-zoomIn\"><a href=\"https:\/\/isocial.cat\/en\/isocial-foundation-and-graustic-award-the-prize-for-social-integration-through-digitalization-to-the-dinder-club-app\/\" ><img loading=\"lazy\" decoding=\"async\" width=\"600\" height=\"600\"  class=\"ultp-block-image-content\"  alt=\"Fotografia de grup despr\u00e9s de l&#039;entrega del premi a la Integraci\u00f3 Social a trav\u00e9s de la tecnologia, categoria dels premis d&#039;Innovaci\u00f3 Social de Catalunya GrausTIC patrocinada per iSocial\"  src=\"https:\/\/isocial.cat\/wp-content\/uploads\/2025\/11\/Fotografia-de-grup-despres-de-lentrega-del-premi-a-la-Integracio-Social-a-traves-de-la-tecnologia-categoria-dels-premis-dInnovacio-Social-de-Catalunya-GrausTIC-patrocinada-per-iSocial-600x600.png\" \/><\/a><\/div><div class=\"ultp-block-content\"><div class=\"ultp-category-grid ultp-category-classic ultp-category-aboveTitle\"><div class=\"ultp-category-in\"><a class=\"ultp-cat-featured-home\" href=\"https:\/\/isocial.cat\/en\/category\/featured-home\/\"  >Featured Home<\/a><a class=\"ultp-cat-news\" href=\"https:\/\/isocial.cat\/en\/category\/publications\/news\/\"  >News<\/a><\/div><\/div><h4 class=\"ultp-block-title \"><a href=\"https:\/\/isocial.cat\/en\/isocial-foundation-and-graustic-award-the-prize-for-social-integration-through-digitalization-to-the-dinder-club-app\/\" >iSocial Foundation and GrausTIC Award the Prize for Social Integration through Digitalization to the Dinder Club App<\/a><\/h4><div class=\"ultp-block-excerpt\">With this award, the iSocial Foundation aims to recognize the work of Dinder Club, the first dating and leisure app designed for people with intellectual disabilities. This pioneering initiative promotes social inclusion through technology, offering a safe and accessible environment to facilitate personal relationships and group activities.<\/div><\/div><\/div><\/div><div class=\"ultp-block-item post-id-35233\"><div class=\"ultp-block-content-wrap\"><div class=\"ultp-block-image ultp-block-image-zoomIn\"><a href=\"https:\/\/isocial.cat\/en\/the-rehab-lab-network-recognized-by-plena-inclusion-as-a-practice-with-impact\/\" ><img loading=\"lazy\" decoding=\"async\" width=\"1920\" height=\"1080\" class=\"ultp-block-image-content\" src=\"https:\/\/isocial.cat\/wp-content\/plugins\/ultimate-post\/assets\/img\/ultp-fallback-img.png\" alt=\"dummy-img\" \/><\/a><\/div><div class=\"ultp-block-content\"><div class=\"ultp-category-grid ultp-category-classic ultp-category-aboveTitle\"><div class=\"ultp-category-in\"><a class=\"ultp-cat-featured-home\" href=\"https:\/\/isocial.cat\/en\/category\/featured-home\/\"  >Featured Home<\/a><a class=\"ultp-cat-news\" href=\"https:\/\/isocial.cat\/en\/category\/publications\/news\/\"  >News<\/a><\/div><\/div><h4 class=\"ultp-block-title \"><a href=\"https:\/\/isocial.cat\/en\/the-rehab-lab-network-recognized-by-plena-inclusion-as-a-practice-with-impact\/\" >The Rehab-Lab Network, recognized by Plena Inclusi\u00f3n as a \u201cPractice with Impact\u201d<\/a><\/h4><div class=\"ultp-block-excerpt\">Fundaci\u00f3 iSocial took part in the national meeting \u201cPr\u00e1cticas con Impacto\u201d organized by Plena Inclusi\u00f3n in Seville, where we presented the Rehab-Lab Network to more than 500 professionals and organizations from the intellectual disability sector.<\/div><\/div><\/div><\/div><\/div><div class=\"ultp-pagination-wrap ultp-pagination-ajax-action\" data-paged=\"1\" data-expost=\"\"  data-blockid=\"864e3d\" data-postid=\"29621\" data-pages=\"23\" data-blockname=\"ultimate-post_post-grid-1\" data-selfpostid=\"yes\"><ul class=\"ultp-pagination\"><li class=\"ultp-prev-page-numbers\" style=\"display:none\"><a href=\"https:\/\/isocial.cat\/en\/wp-json\/wp\/v2\/posts\/29621\/\"><svg xmlns=\"http:\/\/www.w3.org\/2000\/svg\" fill=\"none\" viewBox=\"0 0 24 24\">\n  <path stroke=\"currentColor\" stroke-linecap=\"round\" stroke-linejoin=\"round\" stroke-width=\"1.5\" d=\"m15 18-6-6 6-6\"\/>\n<\/svg>\n <\/a><\/li><li class=\"ultp-first-pages\" style=\"display:none\" data-current=\"1\"><a href=\"https:\/\/isocial.cat\/en\/wp-json\/wp\/v2\/posts\/29621\/\">1<\/a><\/li><li class=\"ultp-first-dot\"style=\"display:none\"><a href=\"#\">&#8230;<\/a><\/li><li class=\"ultp-center-item pagination-active\" data-current=\"1\"><a href=\"https:\/\/isocial.cat\/en\/wp-json\/wp\/v2\/posts\/29621\/\">1<\/a><\/li><li class=\"ultp-center-item\" data-current=\"2\" ><a href=\"https:\/\/isocial.cat\/en\/wp-json\/wp\/v2\/posts\/29621\/page\/2\/\">2<\/a><\/li><li class=\"ultp-center-item\" data-current=\"3\" ><a href=\"https:\/\/isocial.cat\/en\/wp-json\/wp\/v2\/posts\/29621\/page\/3\/\">3<\/a><\/li><li class=\"ultp-last-dot\" ><a href=\"#\">&#8230;<\/a><\/li><li class=\"ultp-last-pages\" data-current=\"23\"><a href=\"https:\/\/isocial.cat\/en\/wp-json\/wp\/v2\/posts\/29621\/page\/23\/\">23<\/a><\/li><li class=\"ultp-next-page-numbers\"><a href=\"https:\/\/isocial.cat\/en\/wp-json\/wp\/v2\/posts\/29621\/page\/2\/\"><svg xmlns=\"http:\/\/www.w3.org\/2000\/svg\" fill=\"none\" viewBox=\"0 0 24 24\">\n  <path stroke=\"currentColor\" stroke-linecap=\"round\" stroke-linejoin=\"round\" stroke-width=\"1.5\" d=\"m9 18 6-6-6-6\"\/>\n<\/svg>\n<\/a><\/li><\/ul><\/div><\/div><div class=\"pagination-block-html\" aria-hidden=\"true\" style=\"display: none;\"><\/div><\/div>\n\n\n<div class=\"wp-block-genesis-blocks-gb-columns footer-newsletter gb-layout-columns-1 one-column alignfull\"><div class=\"gb-layout-column-wrap gb-block-layout-column-gap-2 gb-is-responsive-column\">\n<div class=\"wp-block-genesis-blocks-gb-column gb-block-layout-column\"><div class=\"gb-block-layout-column-inner\">\n<div class=\"wp-block-genesis-blocks-gb-columns container gb-layout-columns-1 one-column\"><div class=\"gb-layout-column-wrap gb-block-layout-column-gap-2 gb-is-responsive-column\">\n<div class=\"wp-block-genesis-blocks-gb-column gb-block-layout-column\"><div class=\"gb-block-layout-column-inner\"><style>.wp-block-kadence-advancedheading.kt-adv-heading_4d2423-9c, .wp-block-kadence-advancedheading.kt-adv-heading_4d2423-9c[data-kb-block=\"kb-adv-heading_4d2423-9c\"]{font-style:normal;}.wp-block-kadence-advancedheading.kt-adv-heading_4d2423-9c mark.kt-highlight, .wp-block-kadence-advancedheading.kt-adv-heading_4d2423-9c[data-kb-block=\"kb-adv-heading_4d2423-9c\"] mark.kt-highlight{font-style:normal;color:#f76a0c;-webkit-box-decoration-break:clone;box-decoration-break:clone;padding-top:0px;padding-right:0px;padding-bottom:0px;padding-left:0px;}.wp-block-kadence-advancedheading.kt-adv-heading_4d2423-9c img.kb-inline-image, .wp-block-kadence-advancedheading.kt-adv-heading_4d2423-9c[data-kb-block=\"kb-adv-heading_4d2423-9c\"] img.kb-inline-image{width:150px;vertical-align:baseline;}<\/style>\n<h3 class=\"kt-adv-heading_4d2423-9c titol-seccio wp-block-kadence-advancedheading\" data-kb-block=\"kb-adv-heading_4d2423-9c\">Newsletter<\/h3>\n\n\n<style>.wp-block-kadence-advancedheading.kt-adv-heading_cf2667-29, .wp-block-kadence-advancedheading.kt-adv-heading_cf2667-29[data-kb-block=\"kb-adv-heading_cf2667-29\"]{font-style:normal;}.wp-block-kadence-advancedheading.kt-adv-heading_cf2667-29 mark.kt-highlight, .wp-block-kadence-advancedheading.kt-adv-heading_cf2667-29[data-kb-block=\"kb-adv-heading_cf2667-29\"] mark.kt-highlight{font-style:normal;color:#f76a0c;-webkit-box-decoration-break:clone;box-decoration-break:clone;padding-top:0px;padding-right:0px;padding-bottom:0px;padding-left:0px;}.wp-block-kadence-advancedheading.kt-adv-heading_cf2667-29 img.kb-inline-image, .wp-block-kadence-advancedheading.kt-adv-heading_cf2667-29[data-kb-block=\"kb-adv-heading_cf2667-29\"] img.kb-inline-image{width:150px;vertical-align:baseline;}<\/style>\n<h4 class=\"kt-adv-heading_cf2667-29 wp-block-kadence-advancedheading\" data-kb-block=\"kb-adv-heading_cf2667-29\">Subscribe if you want to be informed about all the trends in innovation in social services.<\/h4>\n\n\n<\/div><\/div>\n<\/div><\/div>\n<\/div><\/div>\n<\/div><\/div>\n","protected":false},"excerpt":{"rendered":"<p>The RAPNIC project will create a corpus of recordings to train algorithms and enable voice recognition systems to identify unintelligible speech.<\/p>\n","protected":false},"author":5,"featured_media":29616,"comment_status":"closed","ping_status":"closed","sticky":false,"template":"","format":"standard","meta":{"_acf_changed":false,"inline_featured_image":false,"_kad_blocks_custom_css":"","_kad_blocks_head_custom_js":"","_kad_blocks_body_custom_js":"","_kad_blocks_footer_custom_js":"","footnotes":""},"categories":[122,207],"tags":[],"class_list":{"0":"post-29621","1":"post","2":"type-post","3":"status-publish","4":"format-standard","5":"has-post-thumbnail","6":"hentry","7":"category-featured-home","8":"category-news","10":"with-featured-image"},"acf":[],"taxonomy_info":{"category":[{"value":122,"label":"Featured Home"},{"value":207,"label":"News"}]},"featured_image_src_large":["https:\/\/isocial.cat\/wp-content\/uploads\/2024\/11\/Premi-CSC-Impulsa-a-RAPNIC-web.png",1200,630,false],"author_info":{"display_name":"Ferran Benito","author_link":"https:\/\/isocial.cat\/en\/author\/fbenito\/"},"comment_info":0,"category_info":[{"term_id":122,"name":"Featured Home","slug":"featured-home","term_group":0,"term_taxonomy_id":122,"taxonomy":"category","description":"","parent":0,"count":107,"filter":"raw","term_order":"0","cat_ID":122,"category_count":107,"category_description":"","cat_name":"Featured Home","category_nicename":"featured-home","category_parent":0},{"term_id":207,"name":"News","slug":"news","term_group":0,"term_taxonomy_id":207,"taxonomy":"category","description":"","parent":103,"count":133,"filter":"raw","term_order":"0","cat_ID":207,"category_count":133,"category_description":"","cat_name":"News","category_nicename":"news","category_parent":103}],"tag_info":false,"featured_image_src":"https:\/\/isocial.cat\/wp-content\/uploads\/2024\/11\/Premi-CSC-Impulsa-a-RAPNIC-web-600x400.png","featured_image_src_square":"https:\/\/isocial.cat\/wp-content\/uploads\/2024\/11\/Premi-CSC-Impulsa-a-RAPNIC-web-600x600.png","_links":{"self":[{"href":"https:\/\/isocial.cat\/en\/wp-json\/wp\/v2\/posts\/29621","targetHints":{"allow":["GET"]}}],"collection":[{"href":"https:\/\/isocial.cat\/en\/wp-json\/wp\/v2\/posts"}],"about":[{"href":"https:\/\/isocial.cat\/en\/wp-json\/wp\/v2\/types\/post"}],"author":[{"embeddable":true,"href":"https:\/\/isocial.cat\/en\/wp-json\/wp\/v2\/users\/5"}],"replies":[{"embeddable":true,"href":"https:\/\/isocial.cat\/en\/wp-json\/wp\/v2\/comments?post=29621"}],"version-history":[{"count":4,"href":"https:\/\/isocial.cat\/en\/wp-json\/wp\/v2\/posts\/29621\/revisions"}],"predecessor-version":[{"id":29712,"href":"https:\/\/isocial.cat\/en\/wp-json\/wp\/v2\/posts\/29621\/revisions\/29712"}],"wp:featuredmedia":[{"embeddable":true,"href":"https:\/\/isocial.cat\/en\/wp-json\/wp\/v2\/media\/29616"}],"wp:attachment":[{"href":"https:\/\/isocial.cat\/en\/wp-json\/wp\/v2\/media?parent=29621"}],"wp:term":[{"taxonomy":"category","embeddable":true,"href":"https:\/\/isocial.cat\/en\/wp-json\/wp\/v2\/categories?post=29621"},{"taxonomy":"post_tag","embeddable":true,"href":"https:\/\/isocial.cat\/en\/wp-json\/wp\/v2\/tags?post=29621"}],"curies":[{"name":"wp","href":"https:\/\/api.w.org\/{rel}","templated":true}]}}