{"id":4024,"date":"2019-10-12T12:13:00","date_gmt":"2019-10-12T11:13:00","guid":{"rendered":"https:\/\/isocial.cat\/els-experts-reclamen-estrategies-de-comunicacio-per-prestigiar-el-sistema-de-serveis-socials\/"},"modified":"2022-04-12T14:16:55","modified_gmt":"2022-04-12T13:16:55","slug":"experts-ask-for-communication-strategies-to-prestige-the-social-services-system","status":"publish","type":"post","link":"https:\/\/isocial.cat\/en\/experts-ask-for-communication-strategies-to-prestige-the-social-services-system\/","title":{"rendered":"Experts ask for communication strategies to prestige the Social Services system"},"content":{"rendered":"\n<div class=\"wp-block-genesis-blocks-gb-container alignfull header--3 subhome--1 gb-block-container\"><div class=\"gb-container-inside\"><div class=\"gb-container-content\">\n<div class=\"wp-block-genesis-blocks-gb-container container gb-block-container\"><div class=\"gb-container-inside\"><div class=\"gb-container-content\">\n<span class=\"parent--link separador animated fadeInUp slow\"><a href=\"https:\/\/isocial.cat\/en\/publications\/\" data-type=\"page\" data-id=\"4907\">Publications<\/a> <a href=\"https:\/\/isocial.cat\/en\/news\/\" data-type=\"page\" data-id=\"12757\">News<\/a><\/span>\n\n\n<h1 class=\"animated fadeInUp delay-200ms slow wp-block-post-title\">Experts ask for communication strategies to prestige the Social Services system<\/h1>\n\n<div class=\"animated fadeInUp slow delay-500ms wp-block-post-date\"><time datetime=\"2019-10-12T12:13:00+02:00\">12 October 2019<\/time><\/div><\/div><\/div><\/div>\n<\/div><\/div><\/div>\n\n\n\n<div class=\"wp-block-genesis-blocks-gb-container container--2 subhome gb-block-container\"><div class=\"gb-container-inside\"><div class=\"gb-container-content\">\n<div class=\"wp-block-genesis-blocks-gb-columns fila post animated fadeInUp slow gb-layout-columns-3 gb-3-col-widecenter\"><div class=\"gb-layout-column-wrap gb-block-layout-column-gap-0 gb-is-responsive-column\">\n<div class=\"wp-block-genesis-blocks-gb-column gb-block-layout-column\"><div class=\"gb-block-layout-column-inner\">\n<p><\/p>\n<\/div><\/div>\n\n\n\n<div class=\"wp-block-genesis-blocks-gb-column gb-block-layout-column\"><div class=\"gb-block-layout-column-inner\"><div class=\"taxonomy-category actualitat--categories wp-block-post-terms\"><a href=\"https:\/\/isocial.cat\/en\/category\/publications\/news\/\" rel=\"tag\">News<\/a><span class=\"wp-block-post-terms__separator\">, <\/span><a href=\"https:\/\/isocial.cat\/en\/category\/publications\/\" rel=\"tag\">Publications<\/a><\/div>\n\n<figure class=\"img-destacada wp-block-post-featured-image\"><img loading=\"lazy\" decoding=\"async\" width=\"2048\" height=\"1536\" src=\"https:\/\/isocial.cat\/wp-content\/uploads\/2022\/03\/IMG_20191010_181849.jpg\" class=\"attachment-post-thumbnail size-post-thumbnail wp-post-image\" alt=\"\" style=\"object-fit:cover;\" srcset=\"https:\/\/isocial.cat\/wp-content\/uploads\/2022\/03\/IMG_20191010_181849.jpg 2048w, https:\/\/isocial.cat\/wp-content\/uploads\/2022\/03\/IMG_20191010_181849-400x300.jpg 400w, https:\/\/isocial.cat\/wp-content\/uploads\/2022\/03\/IMG_20191010_181849-300x225.jpg 300w, https:\/\/isocial.cat\/wp-content\/uploads\/2022\/03\/IMG_20191010_181849-1024x768.jpg 1024w, https:\/\/isocial.cat\/wp-content\/uploads\/2022\/03\/IMG_20191010_181849-768x576.jpg 768w, https:\/\/isocial.cat\/wp-content\/uploads\/2022\/03\/IMG_20191010_181849-1536x1152.jpg 1536w, https:\/\/isocial.cat\/wp-content\/uploads\/2022\/03\/IMG_20191010_181849-1200x900.jpg 1200w, https:\/\/isocial.cat\/wp-content\/uploads\/2022\/03\/IMG_20191010_181849-1400x1050.jpg 1400w\" sizes=\"auto, (max-width: 2048px) 100vw, 2048px\" \/><\/figure>\n\n\n\n\n<div class=\"wp-block-genesis-blocks-gb-container contingut-post gb-block-container\"><div class=\"gb-container-inside\"><div class=\"gb-container-content\">\n<p class=\"lead-text has-large-font-size\">In a debate organized by the iSocial Foundation, the invited experts agreed on the importance of developing and promoting national and local communication strategies to explain and value Social Services, mainly primary care from the world local The lack of a clear identity, invisibility, or even a distorted and stigmatized image, are now a burden for responsible administrations and for professionals working in Social Services.<\/p>\n\n\n\n<p>This was the main conclusion of the debate, held at the Pati Manning in Barcelona on October 10 with the title \u201cCommunicate better to change the image of Social Services.\u201d Led by V\u00edctor Puig, professor of communication at Pompeu Fabra University and expert in reputation management, the debate was attended by the Director General of Social Services of the Generalitat, Meritxell Bened\u00ed; the Basque expert in Social Services, Fernando Fantova; and the journalist responsible for social issues of the ARA Newspaper, Nat\u00e0lia Vila. Among the public, there were mainly Social Services professionals from city councils and county councils.<\/p>\n\n\n\n<p>The speakers spoke of the lack of definition of the Social Services system itself; of its lack of prestige, even inward doors, which causes professionals or some areas of the system to not feel it as their own; or a distorted social image that reduces it to charity or action against poverty. An image that is very far from the robust and universal system that it intends to be, designed to ensure that no one is left behind. The low economic value and the little social prestige of healing tasks, strongly feminized, are surely the origin of this collective imaginary. At the same time, communication deficiencies may also have to do with wanting to go unnoticed because an increase in demand is not sought.<\/p>\n\n\n\n<p>The solution is to develop and implement communication plans for Social Services, both aimed at the professionals of the system, as well as to the general public, to explain what the system does and to provide prestige. The new Strategic Plan of Social Services of Catalonia is an opportunity to advance in this objective. The Social Services do very positive things and impels important advances (the example of the \u201csocial supercases\u201d of Barcelona is put) that are not enough to know, the media do not speak to them, and society does not put them in value<\/p>\n\n\n\n<p>This should allow social services to be seen by society as assets to preserve, at the same level as the health system or the educational system, and that it was so attractive for a political leader to photograph himself before a New Social Services equipment, as it is done in front of a new school or a magnetic resonance device of a hospital.<\/p>\n\n\n\n<p>In the course of the event, some examples of communicative campaigns that were made in other places were shown to highlight the Social Services. Fernando Fantova provided three examples: a 2018 campaign of the Generalitat Valenciana; a video by Sara Buesa, Councilor of the City Council of Vitoria-Gasteiz, explaining what Social Services are; and a spot for the dissemination of the Social Services of Bilbao. On the other hand, Swedish-Catalan social worker Astrid Linstr\u00f6m, a contributor to iSocial, contributed some examples of Sweden, as a campaign to prestige among young people the professions linked to Social Services; or a video to explain to the schoolchildren what Social Services do.<\/p>\n<\/div><\/div><\/div>\n<\/div><\/div>\n\n\n\n<div class=\"wp-block-genesis-blocks-gb-column gb-block-layout-column\"><div class=\"gb-block-layout-column-inner\">\n<p><\/p>\n<\/div><\/div>\n<\/div><\/div>\n\n\n\n\n<\/div><\/div><\/div>\n\n\n<div  class=\"ultp-post-grid-block wp-block-ultimate-post-post-grid-1 ultp-block-112743 container--2 subhome grid-darrers-projectes animated fadeInUp slow\"><div class=\"ultp-block-wrapper\"><div class=\"ultp-loading\"><div class=\"ultp-loading-spinner\" style=\"width:100%;height:100%\"><div><\/div><div><\/div><div><\/div><div><\/div><div><\/div><div><\/div><div><\/div><div><\/div><div><\/div><div><\/div><div><\/div><div><\/div><\/div><\/div><div class=\"ultp-heading-filter\"><div class=\"ultp-heading-filter-in\"><div class=\"ultp-heading-wrap ultp-heading-style1 ultp-heading-left\"><p class=\"ultp-heading-inner\"><span>Actualitat<\/span><\/p><\/div><div class=\"ultp-filter-navigation\"><\/div><\/div><\/div><div class=\"ultp-block-items-wrap ultp-block-row ultp-pg1a-style1 ultp-grid1-responsive ultp-block-column-4 1 1 ultp-layout1\"><div class=\"ultp-block-item post-id-37709\"><div class=\"ultp-block-content-wrap\"><div class=\"ultp-block-image ultp-block-image-zoomIn\"><a href=\"https:\/\/isocial.cat\/en\/emaus-gizarte-fundazioa-becomes-isocials-23rd-member\/\" ><img loading=\"lazy\" decoding=\"async\" width=\"600\" height=\"600\"  class=\"ultp-block-image-content\"  alt=\"Imagen que muestra una acci\u00f3n de intervenci\u00f3n comunitaria llevada a cabo por Ema\u00fas. En la fotografia se ve una chica y un chico con un rodete de pintura delante de un muro con grafittis\"  src=\"https:\/\/isocial.cat\/wp-content\/uploads\/2026\/04\/Imagen-que-muestra-una-accion-de-intervencion-comunitaria-llevada-a-cabo-por-Emaus.-En-la-fotografia-se-ve-una-chica-y-un-chico-con-un-rodete-de-pintura-delante-de-un-muro-con-grafittis-600x600.png\" \/><\/a><\/div><div class=\"ultp-block-content\"><div class=\"ultp-category-grid ultp-category-classic ultp-category-aboveTitle\"><div class=\"ultp-category-in\"><a class=\"ultp-cat-featured-home\" href=\"https:\/\/isocial.cat\/en\/category\/featured-home\/\"  >Featured Home<\/a><a class=\"ultp-cat-news\" href=\"https:\/\/isocial.cat\/en\/category\/publications\/news\/\"  >News<\/a><\/div><\/div><h4 class=\"ultp-block-title \"><a href=\"https:\/\/isocial.cat\/en\/emaus-gizarte-fundazioa-becomes-isocials-23rd-member\/\" >Emaus Gizarte Fundazioa becomes iSocial\u2019s 23rd member<\/a><\/h4><div class=\"ultp-block-excerpt\">Emaus Gizarte Fundazioa, a benchmark in community transformation and the circular economy in the Basque Country, has joined the iSocial Foundation as its 23rd member organisation. With this addition, the iSocial network continues to grow, reinforcing its commitment to social innovation and collective work.<\/div><\/div><\/div><\/div><div class=\"ultp-block-item post-id-36583\"><div class=\"ultp-block-content-wrap\"><div class=\"ultp-block-image ultp-block-image-zoomIn\"><a href=\"https:\/\/isocial.cat\/en\/rapnic-receives-the-2nd-prize-in-the-aina-territorial-intelligence-contest\/\" ><img loading=\"lazy\" decoding=\"async\" width=\"600\" height=\"600\"  class=\"ultp-block-image-content\"  alt=\"AI\u2011powered voice recognition application\"  src=\"https:\/\/isocial.cat\/wp-content\/uploads\/2026\/03\/rapnic-600x600.png\" \/><\/a><\/div><div class=\"ultp-block-content\"><div class=\"ultp-category-grid ultp-category-classic ultp-category-aboveTitle\"><div class=\"ultp-category-in\"><a class=\"ultp-cat-featured-home\" href=\"https:\/\/isocial.cat\/en\/category\/featured-home\/\"  >Featured Home<\/a><a class=\"ultp-cat-news\" href=\"https:\/\/isocial.cat\/en\/category\/publications\/news\/\"  >News<\/a><a class=\"ultp-cat-publications\" href=\"https:\/\/isocial.cat\/en\/category\/publications\/\"  >Publications<\/a><\/div><\/div><h4 class=\"ultp-block-title \"><a href=\"https:\/\/isocial.cat\/en\/rapnic-receives-the-2nd-prize-in-the-aina-territorial-intelligence-contest\/\" >RAPNIC receives the 2nd prize in the AINA \u201cTerritorial Intelligence\u201d contest<\/a><\/h4><div class=\"ultp-block-excerpt\">RAPNIC has been recognized in the category \u201cArtificial Intelligence to Reduce Digital Divides\u201d in the AINA \u201cTerritorial Intelligence\u201d contest, which promotes Catalan-language solutions aimed at improving accessibility and digital inclusion.<\/div><\/div><\/div><\/div><div class=\"ultp-block-item post-id-36440\"><div class=\"ultp-block-content-wrap\"><div class=\"ultp-block-image ultp-block-image-zoomIn\"><a href=\"https:\/\/isocial.cat\/en\/presentation-of-the-results-of-the-vincles-alt-pirineu-aran-project-for-the-2023-2025-period-at-an-event-in-sort\/\" ><img loading=\"lazy\" decoding=\"async\" width=\"600\" height=\"600\"  class=\"ultp-block-image-content\"  alt=\"Cartelleria de l&#039;acte de presentaci\u00f3 de resultats del projecte Vincles 2023-2026\"  src=\"https:\/\/isocial.cat\/wp-content\/uploads\/2026\/03\/Noticia-Resultats-Vincles-min-600x600.png\" \/><\/a><\/div><div class=\"ultp-block-content\"><div class=\"ultp-category-grid ultp-category-classic ultp-category-aboveTitle\"><div class=\"ultp-category-in\"><a class=\"ultp-cat-featured-home\" href=\"https:\/\/isocial.cat\/en\/category\/featured-home\/\"  >Featured Home<\/a><a class=\"ultp-cat-news\" href=\"https:\/\/isocial.cat\/en\/category\/publications\/news\/\"  >News<\/a><\/div><\/div><h4 class=\"ultp-block-title \"><a href=\"https:\/\/isocial.cat\/en\/presentation-of-the-results-of-the-vincles-alt-pirineu-aran-project-for-the-2023-2025-period-at-an-event-in-sort\/\" >Presentation of the results of the Vincles Alt Pirineu-Aran project for the 2023\u20132025 period at an event in Sort<\/a><\/h4><div class=\"ultp-block-excerpt\">On 5 March, we held the event in Sort to present the results of the Vincles project for the 2023\u20132025 period, highlighting both the programme\u2019s success and the need to ensure its continuity.<\/div><\/div><\/div><\/div><div class=\"ultp-block-item post-id-36330\"><div class=\"ultp-block-content-wrap\"><div class=\"ultp-block-image ultp-block-image-zoomIn\"><a href=\"https:\/\/isocial.cat\/en\/isocial-and-somos-conexion-join-forces-to-promote-knowledge-and-social-technology\/\" ><img loading=\"lazy\" decoding=\"async\" width=\"1920\" height=\"1080\" class=\"ultp-block-image-content\" src=\"https:\/\/isocial.cat\/wp-content\/plugins\/ultimate-post\/assets\/img\/ultp-fallback-img.png\" alt=\"dummy-img\" \/><\/a><\/div><div class=\"ultp-block-content\"><div class=\"ultp-category-grid ultp-category-classic ultp-category-aboveTitle\"><div class=\"ultp-category-in\"><a class=\"ultp-cat-featured-home\" href=\"https:\/\/isocial.cat\/en\/category\/featured-home\/\"  >Featured Home<\/a><a class=\"ultp-cat-news\" href=\"https:\/\/isocial.cat\/en\/category\/publications\/news\/\"  >News<\/a><a class=\"ultp-cat-publications\" href=\"https:\/\/isocial.cat\/en\/category\/publications\/\"  >Publications<\/a><\/div><\/div><h4 class=\"ultp-block-title \"><a href=\"https:\/\/isocial.cat\/en\/isocial-and-somos-conexion-join-forces-to-promote-knowledge-and-social-technology\/\" >iSocial and Somos Conexi\u00f3n join forces to promote knowledge and social technology<\/a><\/h4><div class=\"ultp-block-excerpt\">The cooperative Somos Conexi\u00f3n will sponsor three of the Innobreaks that we will hold throughout 2026. These sessions will focus on the conscious and inclusive use of technology in the social sphere, helping bring innovative initiatives closer to the sector that address emerging digital challenges<\/div><\/div><\/div><\/div><div class=\"ultp-block-item post-id-35323\"><div class=\"ultp-block-content-wrap\"><div class=\"ultp-block-image ultp-block-image-zoomIn\"><a href=\"https:\/\/isocial.cat\/en\/isocial-foundation-and-graustic-award-the-prize-for-social-integration-through-digitalization-to-the-dinder-club-app\/\" ><img loading=\"lazy\" decoding=\"async\" width=\"600\" height=\"600\"  class=\"ultp-block-image-content\"  alt=\"Fotografia de grup despr\u00e9s de l&#039;entrega del premi a la Integraci\u00f3 Social a trav\u00e9s de la tecnologia, categoria dels premis d&#039;Innovaci\u00f3 Social de Catalunya GrausTIC patrocinada per iSocial\"  src=\"https:\/\/isocial.cat\/wp-content\/uploads\/2025\/11\/Fotografia-de-grup-despres-de-lentrega-del-premi-a-la-Integracio-Social-a-traves-de-la-tecnologia-categoria-dels-premis-dInnovacio-Social-de-Catalunya-GrausTIC-patrocinada-per-iSocial-600x600.png\" \/><\/a><\/div><div class=\"ultp-block-content\"><div class=\"ultp-category-grid ultp-category-classic ultp-category-aboveTitle\"><div class=\"ultp-category-in\"><a class=\"ultp-cat-featured-home\" href=\"https:\/\/isocial.cat\/en\/category\/featured-home\/\"  >Featured Home<\/a><a class=\"ultp-cat-news\" href=\"https:\/\/isocial.cat\/en\/category\/publications\/news\/\"  >News<\/a><\/div><\/div><h4 class=\"ultp-block-title \"><a href=\"https:\/\/isocial.cat\/en\/isocial-foundation-and-graustic-award-the-prize-for-social-integration-through-digitalization-to-the-dinder-club-app\/\" >iSocial Foundation and GrausTIC Award the Prize for Social Integration through Digitalization to the Dinder Club App<\/a><\/h4><div class=\"ultp-block-excerpt\">With this award, the iSocial Foundation aims to recognize the work of Dinder Club, the first dating and leisure app designed for people with intellectual disabilities. This pioneering initiative promotes social inclusion through technology, offering a safe and accessible environment to facilitate personal relationships and group activities.<\/div><\/div><\/div><\/div><div class=\"ultp-block-item post-id-35233\"><div class=\"ultp-block-content-wrap\"><div class=\"ultp-block-image ultp-block-image-zoomIn\"><a href=\"https:\/\/isocial.cat\/en\/the-rehab-lab-network-recognized-by-plena-inclusion-as-a-practice-with-impact\/\" ><img loading=\"lazy\" decoding=\"async\" width=\"1920\" height=\"1080\" class=\"ultp-block-image-content\" src=\"https:\/\/isocial.cat\/wp-content\/plugins\/ultimate-post\/assets\/img\/ultp-fallback-img.png\" alt=\"dummy-img\" \/><\/a><\/div><div class=\"ultp-block-content\"><div class=\"ultp-category-grid ultp-category-classic ultp-category-aboveTitle\"><div class=\"ultp-category-in\"><a class=\"ultp-cat-featured-home\" href=\"https:\/\/isocial.cat\/en\/category\/featured-home\/\"  >Featured Home<\/a><a class=\"ultp-cat-news\" href=\"https:\/\/isocial.cat\/en\/category\/publications\/news\/\"  >News<\/a><\/div><\/div><h4 class=\"ultp-block-title \"><a href=\"https:\/\/isocial.cat\/en\/the-rehab-lab-network-recognized-by-plena-inclusion-as-a-practice-with-impact\/\" >The Rehab-Lab Network, recognized by Plena Inclusi\u00f3n as a \u201cPractice with Impact\u201d<\/a><\/h4><div class=\"ultp-block-excerpt\">Fundaci\u00f3 iSocial took part in the national meeting \u201cPr\u00e1cticas con Impacto\u201d organized by Plena Inclusi\u00f3n in Seville, where we presented the Rehab-Lab Network to more than 500 professionals and organizations from the intellectual disability sector.<\/div><\/div><\/div><\/div><\/div><div class=\"ultp-pagination-wrap ultp-pagination-ajax-action\" data-paged=\"1\" data-expost=\"\"  data-blockid=\"112743\" data-postid=\"4024\" data-pages=\"23\" data-blockname=\"ultimate-post_post-grid-1\" data-selfpostid=\"no\"><ul class=\"ultp-pagination\"><li class=\"ultp-prev-page-numbers\" style=\"display:none\"><a href=\"https:\/\/isocial.cat\/en\/wp-json\/wp\/v2\/posts\/4024\/\"><svg xmlns=\"http:\/\/www.w3.org\/2000\/svg\" fill=\"none\" viewBox=\"0 0 24 24\">\n  <path stroke=\"currentColor\" stroke-linecap=\"round\" stroke-linejoin=\"round\" stroke-width=\"1.5\" d=\"m15 18-6-6 6-6\"\/>\n<\/svg>\n <\/a><\/li><li class=\"ultp-first-pages\" style=\"display:none\" data-current=\"1\"><a href=\"https:\/\/isocial.cat\/en\/wp-json\/wp\/v2\/posts\/4024\/\">1<\/a><\/li><li class=\"ultp-first-dot\"style=\"display:none\"><a href=\"#\">&#8230;<\/a><\/li><li class=\"ultp-center-item pagination-active\" data-current=\"1\"><a href=\"https:\/\/isocial.cat\/en\/wp-json\/wp\/v2\/posts\/4024\/\">1<\/a><\/li><li class=\"ultp-center-item\" data-current=\"2\" ><a href=\"https:\/\/isocial.cat\/en\/wp-json\/wp\/v2\/posts\/4024\/page\/2\/\">2<\/a><\/li><li class=\"ultp-center-item\" data-current=\"3\" ><a href=\"https:\/\/isocial.cat\/en\/wp-json\/wp\/v2\/posts\/4024\/page\/3\/\">3<\/a><\/li><li class=\"ultp-last-dot\" ><a href=\"#\">&#8230;<\/a><\/li><li class=\"ultp-last-pages\" data-current=\"23\"><a href=\"https:\/\/isocial.cat\/en\/wp-json\/wp\/v2\/posts\/4024\/page\/23\/\">23<\/a><\/li><li class=\"ultp-next-page-numbers\"><a href=\"https:\/\/isocial.cat\/en\/wp-json\/wp\/v2\/posts\/4024\/page\/2\/\"><svg xmlns=\"http:\/\/www.w3.org\/2000\/svg\" fill=\"none\" viewBox=\"0 0 24 24\">\n  <path stroke=\"currentColor\" stroke-linecap=\"round\" stroke-linejoin=\"round\" stroke-width=\"1.5\" d=\"m9 18 6-6-6-6\"\/>\n<\/svg>\n<\/a><\/li><\/ul><\/div><\/div><div class=\"pagination-block-html\" aria-hidden=\"true\" style=\"display: none;\"><\/div><\/div>\n\n\n<div class=\"wp-block-genesis-blocks-gb-columns footer-newsletter gb-layout-columns-1 one-column alignfull\"><div class=\"gb-layout-column-wrap gb-block-layout-column-gap-2 gb-is-responsive-column\">\n<div class=\"wp-block-genesis-blocks-gb-column gb-block-layout-column\"><div class=\"gb-block-layout-column-inner\">\n<div class=\"wp-block-genesis-blocks-gb-columns container gb-layout-columns-1 one-column\"><div class=\"gb-layout-column-wrap gb-block-layout-column-gap-2 gb-is-responsive-column\">\n<div class=\"wp-block-genesis-blocks-gb-column gb-block-layout-column\"><div class=\"gb-block-layout-column-inner\"><style>.wp-block-kadence-advancedheading.kt-adv-heading_4d2423-9c, .wp-block-kadence-advancedheading.kt-adv-heading_4d2423-9c[data-kb-block=\"kb-adv-heading_4d2423-9c\"]{font-style:normal;}.wp-block-kadence-advancedheading.kt-adv-heading_4d2423-9c mark.kt-highlight, .wp-block-kadence-advancedheading.kt-adv-heading_4d2423-9c[data-kb-block=\"kb-adv-heading_4d2423-9c\"] mark.kt-highlight{font-style:normal;color:#f76a0c;-webkit-box-decoration-break:clone;box-decoration-break:clone;padding-top:0px;padding-right:0px;padding-bottom:0px;padding-left:0px;}.wp-block-kadence-advancedheading.kt-adv-heading_4d2423-9c img.kb-inline-image, .wp-block-kadence-advancedheading.kt-adv-heading_4d2423-9c[data-kb-block=\"kb-adv-heading_4d2423-9c\"] img.kb-inline-image{width:150px;vertical-align:baseline;}<\/style>\n<h3 class=\"kt-adv-heading_4d2423-9c titol-seccio wp-block-kadence-advancedheading\" data-kb-block=\"kb-adv-heading_4d2423-9c\">Newsletter<\/h3>\n\n\n<style>.wp-block-kadence-advancedheading.kt-adv-heading_cf2667-29, .wp-block-kadence-advancedheading.kt-adv-heading_cf2667-29[data-kb-block=\"kb-adv-heading_cf2667-29\"]{font-style:normal;}.wp-block-kadence-advancedheading.kt-adv-heading_cf2667-29 mark.kt-highlight, .wp-block-kadence-advancedheading.kt-adv-heading_cf2667-29[data-kb-block=\"kb-adv-heading_cf2667-29\"] mark.kt-highlight{font-style:normal;color:#f76a0c;-webkit-box-decoration-break:clone;box-decoration-break:clone;padding-top:0px;padding-right:0px;padding-bottom:0px;padding-left:0px;}.wp-block-kadence-advancedheading.kt-adv-heading_cf2667-29 img.kb-inline-image, .wp-block-kadence-advancedheading.kt-adv-heading_cf2667-29[data-kb-block=\"kb-adv-heading_cf2667-29\"] img.kb-inline-image{width:150px;vertical-align:baseline;}<\/style>\n<h4 class=\"kt-adv-heading_cf2667-29 wp-block-kadence-advancedheading\" data-kb-block=\"kb-adv-heading_cf2667-29\">Subscribe if you want to be informed about all the trends in innovation in social services.<\/h4>\n\n\n<\/div><\/div>\n<\/div><\/div>\n<\/div><\/div>\n<\/div><\/div>\n","protected":false},"excerpt":{"rendered":"<p>In a debate organized by the iSocial Foundation on October 10, the invited experts say that the lack of a clear identity, invisibility or, even, a distorted and stigmatized image, are now a burden for the responsible administrations And for professionals working in Social Services.<\/p>\n","protected":false},"author":1,"featured_media":2791,"comment_status":"closed","ping_status":"closed","sticky":false,"template":"","format":"standard","meta":{"_acf_changed":false,"inline_featured_image":false,"_kad_blocks_custom_css":"","_kad_blocks_head_custom_js":"","_kad_blocks_body_custom_js":"","_kad_blocks_footer_custom_js":"","footnotes":""},"categories":[207,103],"tags":[],"class_list":{"0":"post-4024","1":"post","2":"type-post","3":"status-publish","4":"format-standard","5":"has-post-thumbnail","6":"hentry","7":"category-news","8":"category-publications","10":"with-featured-image"},"acf":[],"taxonomy_info":{"category":[{"value":207,"label":"News"},{"value":103,"label":"Publications"}]},"featured_image_src_large":["https:\/\/isocial.cat\/wp-content\/uploads\/2022\/03\/IMG_20191010_181849-1024x768.jpg",1024,768,true],"author_info":{"display_name":"admin","author_link":"https:\/\/isocial.cat\/en\/author\/ideadmin\/"},"comment_info":0,"category_info":[{"term_id":207,"name":"News","slug":"news","term_group":0,"term_taxonomy_id":207,"taxonomy":"category","description":"","parent":103,"count":133,"filter":"raw","term_order":"0","cat_ID":207,"category_count":133,"category_description":"","cat_name":"News","category_nicename":"news","category_parent":103},{"term_id":103,"name":"Publications","slug":"publications","term_group":0,"term_taxonomy_id":103,"taxonomy":"category","description":"","parent":0,"count":132,"filter":"raw","term_order":"0","cat_ID":103,"category_count":132,"category_description":"","cat_name":"Publications","category_nicename":"publications","category_parent":0}],"tag_info":false,"featured_image_src":"https:\/\/isocial.cat\/wp-content\/uploads\/2022\/03\/IMG_20191010_181849-600x400.jpg","featured_image_src_square":"https:\/\/isocial.cat\/wp-content\/uploads\/2022\/03\/IMG_20191010_181849-600x600.jpg","_links":{"self":[{"href":"https:\/\/isocial.cat\/en\/wp-json\/wp\/v2\/posts\/4024","targetHints":{"allow":["GET"]}}],"collection":[{"href":"https:\/\/isocial.cat\/en\/wp-json\/wp\/v2\/posts"}],"about":[{"href":"https:\/\/isocial.cat\/en\/wp-json\/wp\/v2\/types\/post"}],"author":[{"embeddable":true,"href":"https:\/\/isocial.cat\/en\/wp-json\/wp\/v2\/users\/1"}],"replies":[{"embeddable":true,"href":"https:\/\/isocial.cat\/en\/wp-json\/wp\/v2\/comments?post=4024"}],"version-history":[{"count":1,"href":"https:\/\/isocial.cat\/en\/wp-json\/wp\/v2\/posts\/4024\/revisions"}],"predecessor-version":[{"id":4026,"href":"https:\/\/isocial.cat\/en\/wp-json\/wp\/v2\/posts\/4024\/revisions\/4026"}],"wp:featuredmedia":[{"embeddable":true,"href":"https:\/\/isocial.cat\/en\/wp-json\/wp\/v2\/media\/2791"}],"wp:attachment":[{"href":"https:\/\/isocial.cat\/en\/wp-json\/wp\/v2\/media?parent=4024"}],"wp:term":[{"taxonomy":"category","embeddable":true,"href":"https:\/\/isocial.cat\/en\/wp-json\/wp\/v2\/categories?post=4024"},{"taxonomy":"post_tag","embeddable":true,"href":"https:\/\/isocial.cat\/en\/wp-json\/wp\/v2\/tags?post=4024"}],"curies":[{"name":"wp","href":"https:\/\/api.w.org\/{rel}","templated":true}]}}