{"id":6043,"date":"2018-07-17T15:04:00","date_gmt":"2018-07-17T13:04:00","guid":{"rendered":"https:\/\/isocial.cat\/habitatge-temporal-per-a-persones-amb-problemes-de-salut-mental\/"},"modified":"2024-03-28T19:28:53","modified_gmt":"2024-03-28T18:28:53","slug":"baix-llobregat-mental-health-housing-for-people-psychological-difficulties","status":"publish","type":"post","link":"https:\/\/isocial.cat\/en\/baix-llobregat-mental-health-housing-for-people-psychological-difficulties\/","title":{"rendered":"Baix Llobregat Mental Health, housing for people with psychological difficulties"},"content":{"rendered":"\n<div class=\"wp-block-genesis-blocks-gb-container alignfull header--3 subhome--1 innovacio gb-block-container\"><div class=\"gb-container-inside\"><div class=\"gb-container-content\">\n<div class=\"wp-block-genesis-blocks-gb-container container gb-block-container\"><div class=\"gb-container-inside\"><div class=\"gb-container-content\">\n<span class=\"parent--link separador animated fadeInUp slow\"><a href=\"https:\/\/isocial.cat\/en\/publications\/\">Publications<\/a> <a href=\"https:\/\/isocial.cat\/en\/bank-of-innovations\/\">Bank of innovations<\/a><\/span>\n\n\n<h1 class=\"animated fadeInUp delay-200ms slow wp-block-post-title\">Baix Llobregat Mental Health, housing for people with psychological difficulties<\/h1>\n\n<style>.wp-block-kadence-advancedheading.kt-adv-heading6043_6cd7ee-13, .wp-block-kadence-advancedheading.kt-adv-heading6043_6cd7ee-13[data-kb-block=\"kb-adv-heading6043_6cd7ee-13\"]{font-style:normal;}.wp-block-kadence-advancedheading.kt-adv-heading6043_6cd7ee-13 mark.kt-highlight, .wp-block-kadence-advancedheading.kt-adv-heading6043_6cd7ee-13[data-kb-block=\"kb-adv-heading6043_6cd7ee-13\"] mark.kt-highlight{font-style:normal;color:#f76a0c;-webkit-box-decoration-break:clone;box-decoration-break:clone;padding-top:0px;padding-right:0px;padding-bottom:0px;padding-left:0px;}.wp-block-kadence-advancedheading.kt-adv-heading6043_6cd7ee-13 img.kb-inline-image, .wp-block-kadence-advancedheading.kt-adv-heading6043_6cd7ee-13[data-kb-block=\"kb-adv-heading6043_6cd7ee-13\"] img.kb-inline-image{width:150px;vertical-align:baseline;}<\/style>\n<h5 class=\"kt-adv-heading6043_6cd7ee-13 entradeta animated fadeInUp slow delay-500ms wp-block-kadence-advancedheading\" data-kb-block=\"kb-adv-heading6043_6cd7ee-13\">Fundaci\u00f3 H\u00e0bitat3, Fundaci\u00f3 Marianao, Fundaci\u00f3 Cassi\u00e0 Just<\/h5>\n\n\n<\/div><\/div><\/div>\n<\/div><\/div><\/div>\n\n\n\n<div class=\"wp-block-genesis-blocks-gb-container container--2 subhome gb-block-container\"><div class=\"gb-container-inside\"><div class=\"gb-container-content\">\n<div class=\"wp-block-genesis-blocks-gb-columns fila post animated fadeInUp slow gb-layout-columns-3 gb-3-col-widecenter\"><div class=\"gb-layout-column-wrap gb-block-layout-column-gap-0 gb-is-responsive-column\">\n<div class=\"wp-block-genesis-blocks-gb-column gb-block-layout-column\"><div class=\"gb-block-layout-column-inner\">\n<p><\/p>\n<\/div><\/div>\n\n\n\n<div class=\"wp-block-genesis-blocks-gb-column gb-block-layout-column\"><div class=\"gb-block-layout-column-inner\"><figure class=\"img-destacada wp-block-post-featured-image\"><img loading=\"lazy\" decoding=\"async\" width=\"1200\" height=\"630\" src=\"https:\/\/isocial.cat\/wp-content\/uploads\/2024\/03\/Imatges-Posts-Web-43-min.png\" class=\"attachment-post-thumbnail size-post-thumbnail wp-post-image\" alt=\"Baix Llobregat Salut Mental\" style=\"object-fit:cover;\" srcset=\"https:\/\/isocial.cat\/wp-content\/uploads\/2024\/03\/Imatges-Posts-Web-43-min.png 1200w, https:\/\/isocial.cat\/wp-content\/uploads\/2024\/03\/Imatges-Posts-Web-43-min-500x263.png 500w, https:\/\/isocial.cat\/wp-content\/uploads\/2024\/03\/Imatges-Posts-Web-43-min-800x420.png 800w, https:\/\/isocial.cat\/wp-content\/uploads\/2024\/03\/Imatges-Posts-Web-43-min-300x158.png 300w, https:\/\/isocial.cat\/wp-content\/uploads\/2024\/03\/Imatges-Posts-Web-43-min-400x210.png 400w\" sizes=\"auto, (max-width: 1200px) 100vw, 1200px\" \/><\/figure>\n\n\n\n\n<div class=\"wp-block-genesis-blocks-gb-container contingut-post gb-block-container\"><div class=\"gb-container-inside\"><div class=\"gb-container-content\">\n<p class=\"lead-text has-large-font-size\">Experimental social housing program to provide accommodation for people with mental health problems<\/p>\n\n\n\n<p>This project, driven by the <strong>Habitat 3 Foundation, the Mariano Foundation, and the Cassi\u00e0 Just Foundation<\/strong>, aims to empower and give autonomy to <strong>people with mental health difficulties<\/strong> through housing.<\/p>\n\n\n\n<p>Users receive <strong>support and assistance<\/strong> in their processes of labor and community integration, always with the purpose of enhancing maximum residential independence.<\/p>\n\n\n\n<p>The program is <strong>personalized <\/strong>and integrated with other services, entities, and administrations. It has a reference figure responsible for monitoring the case and ensuring good coordination.<\/p>\n<\/div><\/div><\/div>\n<\/div><\/div>\n\n\n\n<div class=\"wp-block-genesis-blocks-gb-column gb-block-layout-column\"><div class=\"gb-block-layout-column-inner\">\n<p><\/p>\n<\/div><\/div>\n<\/div><\/div>\n\n\n\n<div style=\"background-color:#f7f5f5\" class=\"wp-block-genesis-blocks-gb-container alignfull post-info-relacionada animated fadeInUp slow gb-block-container\"><div class=\"gb-container-inside\"><div class=\"gb-container-content\">\n<div class=\"wp-block-genesis-blocks-gb-columns fila container gb-layout-columns-3 gb-3-col-equal\"><div class=\"gb-layout-column-wrap gb-block-layout-column-gap-4 gb-is-responsive-column\">\n<div class=\"wp-block-genesis-blocks-gb-column gb-block-layout-column\"><div class=\"gb-block-layout-column-inner\"><style>.wp-block-kadence-advancedheading.kt-adv-heading_a40d6e-98, .wp-block-kadence-advancedheading.kt-adv-heading_a40d6e-98[data-kb-block=\"kb-adv-heading_a40d6e-98\"]{font-style:normal;}.wp-block-kadence-advancedheading.kt-adv-heading_a40d6e-98 mark.kt-highlight, .wp-block-kadence-advancedheading.kt-adv-heading_a40d6e-98[data-kb-block=\"kb-adv-heading_a40d6e-98\"] mark.kt-highlight{font-style:normal;color:#f76a0c;-webkit-box-decoration-break:clone;box-decoration-break:clone;padding-top:0px;padding-right:0px;padding-bottom:0px;padding-left:0px;}.wp-block-kadence-advancedheading.kt-adv-heading_a40d6e-98 img.kb-inline-image, .wp-block-kadence-advancedheading.kt-adv-heading_a40d6e-98[data-kb-block=\"kb-adv-heading_a40d6e-98\"] img.kb-inline-image{width:150px;vertical-align:baseline;}<\/style>\n<h3 class=\"kt-adv-heading_a40d6e-98 wp-block-kadence-advancedheading\" data-kb-block=\"kb-adv-heading_a40d6e-98\">Characteristics of innovation<\/h3>\n\n\n<div class=\"taxonomy-category focusinnovacio wp-block-post-terms\"><a href=\"https:\/\/isocial.cat\/en\/category\/innovation\/bank-innovations\/\" rel=\"tag\">Bank of innovations<\/a><span class=\"wp-block-post-terms__separator\">, <\/span><a href=\"https:\/\/isocial.cat\/en\/category\/innovation\/bank-innovations\/scope-of-intervention\/homelessness-right-housing\/\" rel=\"tag\">Homelessness and the right to housing<\/a><span class=\"wp-block-post-terms__separator\">, <\/span><a href=\"https:\/\/isocial.cat\/en\/category\/innovation\/bank-innovations\/goals\/independent-living\/\" rel=\"tag\">Independent living<\/a><span class=\"wp-block-post-terms__separator\">, <\/span><a href=\"https:\/\/isocial.cat\/en\/category\/innovation\/\" rel=\"tag\">Lab<\/a><span class=\"wp-block-post-terms__separator\">, <\/span><a href=\"https:\/\/isocial.cat\/en\/category\/innovation\/bank-innovations\/goals\/link-community\/\" rel=\"tag\">Link with the community<\/a><span class=\"wp-block-post-terms__separator\">, <\/span><a href=\"https:\/\/isocial.cat\/en\/category\/innovation\/bank-innovations\/scope-of-intervention\/mental-health\/\" rel=\"tag\">Mental health<\/a><span class=\"wp-block-post-terms__separator\">, <\/span><a href=\"https:\/\/isocial.cat\/en\/category\/innovation\/bank-innovations\/type-of-initiative\/new-service\/\" rel=\"tag\">New service<\/a><span class=\"wp-block-post-terms__separator\">, <\/span><a href=\"https:\/\/isocial.cat\/en\/category\/innovation\/bank-innovations\/scope-of-intervention\/poverty-exclusion\/\" rel=\"tag\">Poverty and exclusion<\/a><\/div><\/div><\/div>\n\n\n\n<div class=\"wp-block-genesis-blocks-gb-column gb-block-layout-column\"><div class=\"gb-block-layout-column-inner\"><style>.wp-block-kadence-advancedheading.kt-adv-heading6043_787b4a-08, .wp-block-kadence-advancedheading.kt-adv-heading6043_787b4a-08[data-kb-block=\"kb-adv-heading6043_787b4a-08\"]{font-style:normal;}.wp-block-kadence-advancedheading.kt-adv-heading6043_787b4a-08 mark.kt-highlight, .wp-block-kadence-advancedheading.kt-adv-heading6043_787b4a-08[data-kb-block=\"kb-adv-heading6043_787b4a-08\"] mark.kt-highlight{font-style:normal;color:#f76a0c;-webkit-box-decoration-break:clone;box-decoration-break:clone;padding-top:0px;padding-right:0px;padding-bottom:0px;padding-left:0px;}.wp-block-kadence-advancedheading.kt-adv-heading6043_787b4a-08 img.kb-inline-image, .wp-block-kadence-advancedheading.kt-adv-heading6043_787b4a-08[data-kb-block=\"kb-adv-heading6043_787b4a-08\"] img.kb-inline-image{width:150px;vertical-align:baseline;}<\/style>\n<h3 class=\"kt-adv-heading6043_787b4a-08 wp-block-kadence-advancedheading\" data-kb-block=\"kb-adv-heading6043_787b4a-08\">Location<\/h3>\n\n\n\n<p>Baix Llobregat, Catalonia<\/p>\n<\/div><\/div>\n\n\n\n<div class=\"wp-block-genesis-blocks-gb-column gb-block-layout-column\"><div class=\"gb-block-layout-column-inner\"><style>.wp-block-kadence-advancedheading.kt-adv-heading6043_919c7e-71, .wp-block-kadence-advancedheading.kt-adv-heading6043_919c7e-71[data-kb-block=\"kb-adv-heading6043_919c7e-71\"]{font-style:normal;}.wp-block-kadence-advancedheading.kt-adv-heading6043_919c7e-71 mark.kt-highlight, .wp-block-kadence-advancedheading.kt-adv-heading6043_919c7e-71[data-kb-block=\"kb-adv-heading6043_919c7e-71\"] mark.kt-highlight{font-style:normal;color:#f76a0c;-webkit-box-decoration-break:clone;box-decoration-break:clone;padding-top:0px;padding-right:0px;padding-bottom:0px;padding-left:0px;}.wp-block-kadence-advancedheading.kt-adv-heading6043_919c7e-71 img.kb-inline-image, .wp-block-kadence-advancedheading.kt-adv-heading6043_919c7e-71[data-kb-block=\"kb-adv-heading6043_919c7e-71\"] img.kb-inline-image{width:150px;vertical-align:baseline;}<\/style>\n<h3 class=\"kt-adv-heading6043_919c7e-71 wp-block-kadence-advancedheading\" data-kb-block=\"kb-adv-heading6043_919c7e-71\">Partners \/ Funders<\/h3>\n\n\n\n<p>La Caixa Foundation, Table of Entities of the Third Social Sector of Catalonia, Housing Agency of Catalonia, City Council of El Prat de Llobregat, Baix Llobregat Regional Committee.<\/p>\n<\/div><\/div>\n<\/div><\/div>\n\n\n\n<div class=\"wp-block-genesis-blocks-gb-columns fila container gb-layout-columns-3 gb-3-col-equal\"><div class=\"gb-layout-column-wrap gb-block-layout-column-gap-4 gb-is-responsive-column\">\n<div class=\"wp-block-genesis-blocks-gb-column gb-block-layout-column\"><div class=\"gb-block-layout-column-inner\"><style>.wp-block-kadence-advancedheading.kt-adv-heading6043_772a8d-0a, .wp-block-kadence-advancedheading.kt-adv-heading6043_772a8d-0a[data-kb-block=\"kb-adv-heading6043_772a8d-0a\"]{font-style:normal;}.wp-block-kadence-advancedheading.kt-adv-heading6043_772a8d-0a mark.kt-highlight, .wp-block-kadence-advancedheading.kt-adv-heading6043_772a8d-0a[data-kb-block=\"kb-adv-heading6043_772a8d-0a\"] mark.kt-highlight{font-style:normal;color:#f76a0c;-webkit-box-decoration-break:clone;box-decoration-break:clone;padding-top:0px;padding-right:0px;padding-bottom:0px;padding-left:0px;}.wp-block-kadence-advancedheading.kt-adv-heading6043_772a8d-0a img.kb-inline-image, .wp-block-kadence-advancedheading.kt-adv-heading6043_772a8d-0a[data-kb-block=\"kb-adv-heading6043_772a8d-0a\"] img.kb-inline-image{width:150px;vertical-align:baseline;}<\/style>\n<h3 class=\"kt-adv-heading6043_772a8d-0a wp-block-kadence-advancedheading\" data-kb-block=\"kb-adv-heading6043_772a8d-0a\">Genesis<\/h3>\n\n\n\n<p>The project originated from a proposal by a working group of organizations working on mental health issues at the Baix Llobregat Regional Studies Center. Based on this idea, the organizing entities decided to carry out the program.<\/p>\n<\/div><\/div>\n\n\n\n<div class=\"wp-block-genesis-blocks-gb-column gb-block-layout-column\"><div class=\"gb-block-layout-column-inner\"><style>.wp-block-kadence-advancedheading.kt-adv-heading6043_0e0e58-65, .wp-block-kadence-advancedheading.kt-adv-heading6043_0e0e58-65[data-kb-block=\"kb-adv-heading6043_0e0e58-65\"]{font-style:normal;}.wp-block-kadence-advancedheading.kt-adv-heading6043_0e0e58-65 mark.kt-highlight, .wp-block-kadence-advancedheading.kt-adv-heading6043_0e0e58-65[data-kb-block=\"kb-adv-heading6043_0e0e58-65\"] mark.kt-highlight{font-style:normal;color:#f76a0c;-webkit-box-decoration-break:clone;box-decoration-break:clone;padding-top:0px;padding-right:0px;padding-bottom:0px;padding-left:0px;}.wp-block-kadence-advancedheading.kt-adv-heading6043_0e0e58-65 img.kb-inline-image, .wp-block-kadence-advancedheading.kt-adv-heading6043_0e0e58-65[data-kb-block=\"kb-adv-heading6043_0e0e58-65\"] img.kb-inline-image{width:150px;vertical-align:baseline;}<\/style>\n<h3 class=\"kt-adv-heading6043_0e0e58-65 wp-block-kadence-advancedheading\" data-kb-block=\"kb-adv-heading6043_0e0e58-65\">Implementation level<\/h3>\n\n\n\n<p>During the first year of the project, four rental contracts were obtained. One in Gav\u00e0, two in El Prat del Llobregat, and the other in Sant Boi de Llobregat. The feedback from the users was very positive.<\/p>\n\n\n\n<p>The initiative was awarded by La Caixa Foundation with a special mention in the 2017 Social Innovation Awards. Additionally, a collaboration agreement was signed with the Baix Llobregat Regional Council.<\/p>\n<\/div><\/div>\n\n\n\n<div class=\"wp-block-genesis-blocks-gb-column gb-block-layout-column\"><div class=\"gb-block-layout-column-inner\">\n<p><\/p>\n<\/div><\/div>\n<\/div><\/div>\n<\/div><\/div><\/div>\n\n\n\n<div class=\"wp-block-genesis-blocks-gb-columns fila mes-info animated fadeInUp slow gb-layout-columns-1 one-column gb-has-custom-background-color alignfull\" style=\"background-color:#efecec\"><div class=\"gb-layout-column-wrap gb-block-layout-column-gap-2 gb-is-responsive-column\">\n<div class=\"wp-block-genesis-blocks-gb-column gb-block-layout-column\"><div class=\"gb-block-layout-column-inner\">\n<div class=\"wp-block-buttons is-content-justification-center is-layout-flex wp-container-core-buttons-is-layout-16018d1d wp-block-buttons-is-layout-flex\">\n<div class=\"wp-block-button has-custom-font-size gb-block-button\" style=\"font-size:20px;line-height:1.2\"><a class=\"wp-block-button__link has-text-color has-background wp-element-button\" href=\"https:\/\/www.habitat3.cat\/salut-mental-baix-llobregat\" style=\"border-radius:5px;color:#ffffff;background-color:#3373dc;padding-top:10px;padding-right:1em;padding-bottom:10px;padding-left:1em\" target=\"_blank\" rel=\"noopener\">Further information<\/a><\/div>\n<\/div>\n<\/div><\/div>\n<\/div><\/div>\n\n\n\n\n\n<div class=\"wp-block-genesis-blocks-gb-columns fila mes-info botons-innovacio animated fadeInUp slow gb-layout-columns-2 gb-2-col-equal gb-has-custom-background-color alignfull\" style=\"background-color:#89266c\"><div class=\"gb-layout-column-wrap gb-block-layout-column-gap-2 gb-is-responsive-column\">\n<div class=\"wp-block-genesis-blocks-gb-column gb-block-layout-column\"><div class=\"gb-block-layout-column-inner\">\n<div style=\"text-align:center\" class=\"wp-block-genesis-blocks-gb-button boto-proposa gb-block-button\"><a href=\"https:\/\/isocial.cat\/en\/propose-your-innovation\/\" class=\"gb-button gb-button-shape-rounded gb-button-size-medium\" style=\"color:#ffffff;background-color:#3373dc\">Propose your innovation<\/a><\/div>\n<\/div><\/div>\n\n\n\n<div class=\"wp-block-genesis-blocks-gb-column gb-block-layout-column\"><div class=\"gb-block-layout-column-inner\">\n<div style=\"text-align:center\" class=\"wp-block-genesis-blocks-gb-button boto-totes gb-block-button\"><a href=\"https:\/\/isocial.cat\/en\/bank-of-innovations\/\" class=\"gb-button gb-button-shape-rounded gb-button-size-medium\" style=\"color:#ffffff;background-color:#3373dc\">See our selection of innovations<\/a><\/div>\n<\/div><\/div>\n<\/div><\/div>\n<\/div><\/div><\/div>\n\n\n<div  class=\"ultp-post-grid-block wp-block-ultimate-post-post-grid-1 ultp-block-78a868 container--2 subhome grid-darrers-projectes animated fadeInUp slow\"><div class=\"ultp-block-wrapper\"><div class=\"ultp-loading\"><div class=\"ultp-loading-spinner\" style=\"width:100%;height:100%\"><div><\/div><div><\/div><div><\/div><div><\/div><div><\/div><div><\/div><div><\/div><div><\/div><div><\/div><div><\/div><div><\/div><div><\/div><\/div><\/div><div class=\"ultp-heading-filter\"><div class=\"ultp-heading-filter-in\"><div class=\"ultp-heading-wrap ultp-heading-style1 ultp-heading-left\"><p class=\"ultp-heading-inner\"><span>Banc d&#8217;innovacions<\/span><\/p><\/div><div class=\"ultp-filter-navigation\"><\/div><\/div><\/div><div class=\"ultp-block-items-wrap ultp-block-row ultp-pg1a-style1 ultp-grid1-responsive ultp-block-column-4 1 1 ultp-layout1\"><div class=\"ultp-block-item post-id-36323\"><div class=\"ultp-block-content-wrap\"><div class=\"ultp-block-image ultp-block-image-zoomIn\"><a href=\"https:\/\/isocial.cat\/en\/safespace-by-enableme-digital-inclusion-disclosure-support-for-non-visible-disabilities\/\"><img loading=\"lazy\" decoding=\"async\" width=\"1920\" height=\"1080\" class=\"ultp-block-image-content\" src=\"https:\/\/isocial.cat\/wp-content\/plugins\/ultimate-post\/assets\/img\/ultp-fallback-img.png\" alt=\"dummy-img\" \/><\/a><\/div><div class=\"ultp-block-content\"><h4 class=\"ultp-block-title \"><a href=\"https:\/\/isocial.cat\/en\/safespace-by-enableme-digital-inclusion-disclosure-support-for-non-visible-disabilities\/\">SafeSpace by\u00a0EnableMe,\u00a0Digital inclusion &amp; disclosure support for non\u2011visible disabilities\u00a0<\/a><\/h4><div class=\"ultp-block-excerpt\">A confidential workplace tool to support disclosure and inclusion of non\u2011visible disabilities <\/div><\/div><\/div><\/div><div class=\"ultp-block-item post-id-36297\"><div class=\"ultp-block-content-wrap\"><div class=\"ultp-block-image ultp-block-image-zoomIn\"><a href=\"https:\/\/isocial.cat\/en\/speechlabel-audio-labels-increasing-everyday-accessibility\/\"><img loading=\"lazy\" decoding=\"async\" width=\"1920\" height=\"1080\" class=\"ultp-block-image-content\" src=\"https:\/\/isocial.cat\/wp-content\/plugins\/ultimate-post\/assets\/img\/ultp-fallback-img.png\" alt=\"dummy-img\" \/><\/a><\/div><div class=\"ultp-block-content\"><h4 class=\"ultp-block-title \"><a href=\"https:\/\/isocial.cat\/en\/speechlabel-audio-labels-increasing-everyday-accessibility\/\">Speechlabel, audio labels increasing everyday accessibility\u00a0<\/a><\/h4><div class=\"ultp-block-excerpt\">A mobile app with voice-activated object labelling to support blind and visually impaired independence  <\/div><\/div><\/div><\/div><div class=\"ultp-block-item post-id-36072\"><div class=\"ultp-block-content-wrap\"><div class=\"ultp-block-image ultp-block-image-zoomIn\"><a href=\"https:\/\/isocial.cat\/en\/casal-tv-virtual-social-centre-for-older-people-through-interactive-television\/\"><img loading=\"lazy\" decoding=\"async\" width=\"1920\" height=\"1080\" class=\"ultp-block-image-content\" src=\"https:\/\/isocial.cat\/wp-content\/plugins\/ultimate-post\/assets\/img\/ultp-fallback-img.png\" alt=\"dummy-img\" \/><\/a><\/div><div class=\"ultp-block-content\"><h4 class=\"ultp-block-title \"><a href=\"https:\/\/isocial.cat\/en\/casal-tv-virtual-social-centre-for-older-people-through-interactive-television\/\">Casal TV, virtual social centre for older people through interactive television<\/a><\/h4><div class=\"ultp-block-excerpt\">A remote, television-based community service to reduce loneliness and promote well-being among older adults <\/div><\/div><\/div><\/div><div class=\"ultp-block-item post-id-36049\"><div class=\"ultp-block-content-wrap\"><div class=\"ultp-block-image ultp-block-image-zoomIn\"><a href=\"https:\/\/isocial.cat\/en\/dinder-club-a-dedicated-dating-social-plans-app-for-people-with-intellectual-disabilities\/\"><img loading=\"lazy\" decoding=\"async\" width=\"1920\" height=\"1080\" class=\"ultp-block-image-content\" src=\"https:\/\/isocial.cat\/wp-content\/plugins\/ultimate-post\/assets\/img\/ultp-fallback-img.png\" alt=\"dummy-img\" \/><\/a><\/div><div class=\"ultp-block-content\"><h4 class=\"ultp-block-title \"><a href=\"https:\/\/isocial.cat\/en\/dinder-club-a-dedicated-dating-social-plans-app-for-people-with-intellectual-disabilities\/\">Dinder Club, a dedicated dating &amp; social-plans app for people with intellectual disabilities<\/a><\/h4><div class=\"ultp-block-excerpt\">Facilitating safe social, affective and romantic connections for people with intellectual disabilities<\/div><\/div><\/div><\/div><div class=\"ultp-block-item post-id-36031\"><div class=\"ultp-block-content-wrap\"><div class=\"ultp-block-image ultp-block-image-zoomIn\"><a href=\"https:\/\/isocial.cat\/en\/aqui-la-sole-campaign-against-youth-loneliness\/\"><img loading=\"lazy\" decoding=\"async\" width=\"1920\" height=\"1080\" class=\"ultp-block-image-content\" src=\"https:\/\/isocial.cat\/wp-content\/plugins\/ultimate-post\/assets\/img\/ultp-fallback-img.png\" alt=\"dummy-img\" \/><\/a><\/div><div class=\"ultp-block-content\"><h4 class=\"ultp-block-title \"><a href=\"https:\/\/isocial.cat\/en\/aqui-la-sole-campaign-against-youth-loneliness\/\">Aqu\u00ed la Sole, campaign against youth loneliness<\/a><\/h4><div class=\"ultp-block-excerpt\">A youth-oriented awareness campaign tackling unwanted loneliness in Spain <\/div><\/div><\/div><\/div><div class=\"ultp-block-item post-id-36013\"><div class=\"ultp-block-content-wrap\"><div class=\"ultp-block-image ultp-block-image-zoomIn\"><a href=\"https:\/\/isocial.cat\/en\/journeys-app-guiding-children-safely-through-the-barnahus-process\/\"><img loading=\"lazy\" decoding=\"async\" width=\"1920\" height=\"1080\" class=\"ultp-block-image-content\" src=\"https:\/\/isocial.cat\/wp-content\/plugins\/ultimate-post\/assets\/img\/ultp-fallback-img.png\" alt=\"dummy-img\" \/><\/a><\/div><div class=\"ultp-block-content\"><h4 class=\"ultp-block-title \"><a href=\"https:\/\/isocial.cat\/en\/journeys-app-guiding-children-safely-through-the-barnahus-process\/\">Journeys App, guiding children safely through the Barnahus process<\/a><\/h4><div class=\"ultp-block-excerpt\">An interactive digital tool to help children understand and navigate the Barnahus process<\/div><\/div><\/div><\/div><\/div><div class=\"ultp-pagination-wrap ultp-pagination-ajax-action\" data-paged=\"1\" data-expost=\"\"  data-blockid=\"78a868\" data-postid=\"6043\" data-pages=\"41\" data-blockname=\"ultimate-post_post-grid-1\" data-selfpostid=\"yes\"><ul class=\"ultp-pagination\"><li class=\"ultp-prev-page-numbers\" style=\"display:none\"><a href=\"https:\/\/isocial.cat\/en\/wp-json\/wp\/v2\/posts\/6043\/\"><svg xmlns=\"http:\/\/www.w3.org\/2000\/svg\" fill=\"none\" viewBox=\"0 0 24 24\">\n  <path stroke=\"currentColor\" stroke-linecap=\"round\" stroke-linejoin=\"round\" stroke-width=\"1.5\" d=\"m15 18-6-6 6-6\"\/>\n<\/svg>\n <\/a><\/li><li class=\"ultp-first-pages\" style=\"display:none\" data-current=\"1\"><a href=\"https:\/\/isocial.cat\/en\/wp-json\/wp\/v2\/posts\/6043\/\">1<\/a><\/li><li class=\"ultp-first-dot\"style=\"display:none\"><a href=\"#\">&#8230;<\/a><\/li><li class=\"ultp-center-item pagination-active\" data-current=\"1\"><a href=\"https:\/\/isocial.cat\/en\/wp-json\/wp\/v2\/posts\/6043\/\">1<\/a><\/li><li class=\"ultp-center-item\" data-current=\"2\" ><a href=\"https:\/\/isocial.cat\/en\/wp-json\/wp\/v2\/posts\/6043\/page\/2\/\">2<\/a><\/li><li class=\"ultp-center-item\" data-current=\"3\" ><a href=\"https:\/\/isocial.cat\/en\/wp-json\/wp\/v2\/posts\/6043\/page\/3\/\">3<\/a><\/li><li class=\"ultp-last-dot\" ><a href=\"#\">&#8230;<\/a><\/li><li class=\"ultp-last-pages\" data-current=\"41\"><a href=\"https:\/\/isocial.cat\/en\/wp-json\/wp\/v2\/posts\/6043\/page\/41\/\">41<\/a><\/li><li class=\"ultp-next-page-numbers\"><a href=\"https:\/\/isocial.cat\/en\/wp-json\/wp\/v2\/posts\/6043\/page\/2\/\"><svg xmlns=\"http:\/\/www.w3.org\/2000\/svg\" fill=\"none\" viewBox=\"0 0 24 24\">\n  <path stroke=\"currentColor\" stroke-linecap=\"round\" stroke-linejoin=\"round\" stroke-width=\"1.5\" d=\"m9 18 6-6-6-6\"\/>\n<\/svg>\n<\/a><\/li><\/ul><\/div><\/div><div class=\"pagination-block-html\" aria-hidden=\"true\" style=\"display: none;\"><\/div><\/div>\n\n\n<div class=\"wp-block-genesis-blocks-gb-columns footer-newsletter gb-layout-columns-1 one-column alignfull\"><div class=\"gb-layout-column-wrap gb-block-layout-column-gap-2 gb-is-responsive-column\">\n<div class=\"wp-block-genesis-blocks-gb-column gb-block-layout-column\"><div class=\"gb-block-layout-column-inner\">\n<div class=\"wp-block-genesis-blocks-gb-columns container gb-layout-columns-1 one-column\"><div class=\"gb-layout-column-wrap gb-block-layout-column-gap-2 gb-is-responsive-column\">\n<div class=\"wp-block-genesis-blocks-gb-column gb-block-layout-column\"><div class=\"gb-block-layout-column-inner\"><style>.wp-block-kadence-advancedheading.kt-adv-heading_4d2423-9c, .wp-block-kadence-advancedheading.kt-adv-heading_4d2423-9c[data-kb-block=\"kb-adv-heading_4d2423-9c\"]{font-style:normal;}.wp-block-kadence-advancedheading.kt-adv-heading_4d2423-9c mark.kt-highlight, .wp-block-kadence-advancedheading.kt-adv-heading_4d2423-9c[data-kb-block=\"kb-adv-heading_4d2423-9c\"] mark.kt-highlight{font-style:normal;color:#f76a0c;-webkit-box-decoration-break:clone;box-decoration-break:clone;padding-top:0px;padding-right:0px;padding-bottom:0px;padding-left:0px;}.wp-block-kadence-advancedheading.kt-adv-heading_4d2423-9c img.kb-inline-image, .wp-block-kadence-advancedheading.kt-adv-heading_4d2423-9c[data-kb-block=\"kb-adv-heading_4d2423-9c\"] img.kb-inline-image{width:150px;vertical-align:baseline;}<\/style>\n<h3 class=\"kt-adv-heading_4d2423-9c titol-seccio wp-block-kadence-advancedheading\" data-kb-block=\"kb-adv-heading_4d2423-9c\">Newsletter<\/h3>\n\n\n<style>.wp-block-kadence-advancedheading.kt-adv-heading_cf2667-29, .wp-block-kadence-advancedheading.kt-adv-heading_cf2667-29[data-kb-block=\"kb-adv-heading_cf2667-29\"]{font-style:normal;}.wp-block-kadence-advancedheading.kt-adv-heading_cf2667-29 mark.kt-highlight, .wp-block-kadence-advancedheading.kt-adv-heading_cf2667-29[data-kb-block=\"kb-adv-heading_cf2667-29\"] mark.kt-highlight{font-style:normal;color:#f76a0c;-webkit-box-decoration-break:clone;box-decoration-break:clone;padding-top:0px;padding-right:0px;padding-bottom:0px;padding-left:0px;}.wp-block-kadence-advancedheading.kt-adv-heading_cf2667-29 img.kb-inline-image, .wp-block-kadence-advancedheading.kt-adv-heading_cf2667-29[data-kb-block=\"kb-adv-heading_cf2667-29\"] img.kb-inline-image{width:150px;vertical-align:baseline;}<\/style>\n<h4 class=\"kt-adv-heading_cf2667-29 wp-block-kadence-advancedheading\" data-kb-block=\"kb-adv-heading_cf2667-29\">Subscribe if you want to be informed about all the trends in innovation in social services.<\/h4>\n\n\n<\/div><\/div>\n<\/div><\/div>\n<\/div><\/div>\n<\/div><\/div>\n","protected":false},"excerpt":{"rendered":"<p>Baix Llobregat Mental Health is an experimental social housing program to provide accommodation for people with mental health problems in the Baix Llobregat region.<\/p>\n","protected":false},"author":1,"featured_media":23103,"comment_status":"closed","ping_status":"closed","sticky":false,"template":"","format":"standard","meta":{"_acf_changed":false,"inline_featured_image":false,"_kad_blocks_custom_css":"","_kad_blocks_head_custom_js":"","_kad_blocks_body_custom_js":"","_kad_blocks_footer_custom_js":"","footnotes":""},"categories":[125,195,153,123,155,193,163,191],"tags":[],"class_list":{"0":"post-6043","1":"post","2":"type-post","3":"status-publish","4":"format-standard","5":"has-post-thumbnail","6":"hentry","7":"category-bank-innovations","8":"category-homelessness-right-housing","9":"category-independent-living","10":"category-innovation","11":"category-link-community","12":"category-mental-health","13":"category-new-service","14":"category-poverty-exclusion","16":"with-featured-image"},"acf":[],"taxonomy_info":{"category":[{"value":125,"label":"Bank of innovations"},{"value":195,"label":"Homelessness and the right to housing"},{"value":153,"label":"Independent living"},{"value":123,"label":"Lab"},{"value":155,"label":"Link with the community"},{"value":193,"label":"Mental health"},{"value":163,"label":"New service"},{"value":191,"label":"Poverty and exclusion"}]},"featured_image_src_large":["https:\/\/isocial.cat\/wp-content\/uploads\/2024\/03\/Imatges-Posts-Web-43-min.png",1200,630,false],"author_info":{"display_name":"admin","author_link":"https:\/\/isocial.cat\/en\/author\/ideadmin\/"},"comment_info":0,"category_info":[{"term_id":125,"name":"Bank of innovations","slug":"bank-innovations","term_group":0,"term_taxonomy_id":125,"taxonomy":"category","description":"","parent":123,"count":187,"filter":"raw","term_order":"0","cat_ID":125,"category_count":187,"category_description":"","cat_name":"Bank of innovations","category_nicename":"bank-innovations","category_parent":123},{"term_id":195,"name":"Homelessness and the right to housing","slug":"homelessness-right-housing","term_group":0,"term_taxonomy_id":195,"taxonomy":"category","description":"","parent":171,"count":23,"filter":"raw","term_order":"0","cat_ID":195,"category_count":23,"category_description":"","cat_name":"Homelessness and the right to housing","category_nicename":"homelessness-right-housing","category_parent":171},{"term_id":153,"name":"Independent living","slug":"independent-living","term_group":0,"term_taxonomy_id":153,"taxonomy":"category","description":"","parent":127,"count":74,"filter":"raw","term_order":"0","cat_ID":153,"category_count":74,"category_description":"","cat_name":"Independent living","category_nicename":"independent-living","category_parent":127},{"term_id":123,"name":"Lab","slug":"innovation","term_group":0,"term_taxonomy_id":123,"taxonomy":"category","description":"","parent":0,"count":154,"filter":"raw","term_order":"0","cat_ID":123,"category_count":154,"category_description":"","cat_name":"Lab","category_nicename":"innovation","category_parent":0},{"term_id":155,"name":"Link with the community","slug":"link-community","term_group":0,"term_taxonomy_id":155,"taxonomy":"category","description":"","parent":127,"count":103,"filter":"raw","term_order":"0","cat_ID":155,"category_count":103,"category_description":"","cat_name":"Link with the community","category_nicename":"link-community","category_parent":127},{"term_id":193,"name":"Mental health","slug":"mental-health","term_group":0,"term_taxonomy_id":193,"taxonomy":"category","description":"","parent":171,"count":46,"filter":"raw","term_order":"0","cat_ID":193,"category_count":46,"category_description":"","cat_name":"Mental health","category_nicename":"mental-health","category_parent":171},{"term_id":163,"name":"New service","slug":"new-service","term_group":0,"term_taxonomy_id":163,"taxonomy":"category","description":"","parent":157,"count":103,"filter":"raw","term_order":"0","cat_ID":163,"category_count":103,"category_description":"","cat_name":"New service","category_nicename":"new-service","category_parent":157},{"term_id":191,"name":"Poverty and exclusion","slug":"poverty-exclusion","term_group":0,"term_taxonomy_id":191,"taxonomy":"category","description":"","parent":171,"count":44,"filter":"raw","term_order":"0","cat_ID":191,"category_count":44,"category_description":"","cat_name":"Poverty and exclusion","category_nicename":"poverty-exclusion","category_parent":171}],"tag_info":false,"featured_image_src":"https:\/\/isocial.cat\/wp-content\/uploads\/2024\/03\/Imatges-Posts-Web-43-min-600x400.png","featured_image_src_square":"https:\/\/isocial.cat\/wp-content\/uploads\/2024\/03\/Imatges-Posts-Web-43-min-600x600.png","_links":{"self":[{"href":"https:\/\/isocial.cat\/en\/wp-json\/wp\/v2\/posts\/6043","targetHints":{"allow":["GET"]}}],"collection":[{"href":"https:\/\/isocial.cat\/en\/wp-json\/wp\/v2\/posts"}],"about":[{"href":"https:\/\/isocial.cat\/en\/wp-json\/wp\/v2\/types\/post"}],"author":[{"embeddable":true,"href":"https:\/\/isocial.cat\/en\/wp-json\/wp\/v2\/users\/1"}],"replies":[{"embeddable":true,"href":"https:\/\/isocial.cat\/en\/wp-json\/wp\/v2\/comments?post=6043"}],"version-history":[{"count":2,"href":"https:\/\/isocial.cat\/en\/wp-json\/wp\/v2\/posts\/6043\/revisions"}],"predecessor-version":[{"id":23121,"href":"https:\/\/isocial.cat\/en\/wp-json\/wp\/v2\/posts\/6043\/revisions\/23121"}],"wp:featuredmedia":[{"embeddable":true,"href":"https:\/\/isocial.cat\/en\/wp-json\/wp\/v2\/media\/23103"}],"wp:attachment":[{"href":"https:\/\/isocial.cat\/en\/wp-json\/wp\/v2\/media?parent=6043"}],"wp:term":[{"taxonomy":"category","embeddable":true,"href":"https:\/\/isocial.cat\/en\/wp-json\/wp\/v2\/categories?post=6043"},{"taxonomy":"post_tag","embeddable":true,"href":"https:\/\/isocial.cat\/en\/wp-json\/wp\/v2\/tags?post=6043"}],"curies":[{"name":"wp","href":"https:\/\/api.w.org\/{rel}","templated":true}]}}