{"id":30500,"date":"2025-02-25T12:38:34","date_gmt":"2025-02-25T11:38:34","guid":{"rendered":"https:\/\/isocial.cat\/?p=30500"},"modified":"2025-04-22T09:13:27","modified_gmt":"2025-04-22T07:13:27","slug":"madrid-te-acompana-iniciativa-para-combatir-la-soledad-de-las-personas-mayores","status":"publish","type":"post","link":"https:\/\/isocial.cat\/es\/madrid-te-acompana-iniciativa-para-combatir-la-soledad-de-las-personas-mayores\/","title":{"rendered":"Madrid te Acompa\u00f1a, iniciativa para combatir la soledad de las personas mayores"},"content":{"rendered":"\n<div class=\"wp-block-genesis-blocks-gb-container alignfull header--3 subhome--1 innovacio gb-block-container\"><div class=\"gb-container-inside\"><div class=\"gb-container-content\">\n<div class=\"wp-block-genesis-blocks-gb-container container gb-block-container\"><div class=\"gb-container-inside\"><div class=\"gb-container-content\">\n<span class=\"parent--link separador animated fadeInUp slow\"><a href=\"https:\/\/isocial.cat\/es\/publicaciones\/\">Publicaciones<\/a> <a href=\"https:\/\/isocial.cat\/es\/banco-de-innovaciones\/\">Banco de innovaciones<\/a><\/span>\n\n\n<h1 class=\"animated fadeInUp delay-200ms slow wp-block-post-title\">Madrid te Acompa\u00f1a, iniciativa para combatir la soledad de las personas mayores<\/h1>\n\n<style>.wp-block-kadence-advancedheading.kt-adv-heading30500_11d1e9-09, .wp-block-kadence-advancedheading.kt-adv-heading30500_11d1e9-09[data-kb-block=\"kb-adv-heading30500_11d1e9-09\"]{font-style:normal;}.wp-block-kadence-advancedheading.kt-adv-heading30500_11d1e9-09 mark.kt-highlight, .wp-block-kadence-advancedheading.kt-adv-heading30500_11d1e9-09[data-kb-block=\"kb-adv-heading30500_11d1e9-09\"] mark.kt-highlight{font-style:normal;color:#f76a0c;-webkit-box-decoration-break:clone;box-decoration-break:clone;padding-top:0px;padding-right:0px;padding-bottom:0px;padding-left:0px;}.wp-block-kadence-advancedheading.kt-adv-heading30500_11d1e9-09 img.kb-inline-image, .wp-block-kadence-advancedheading.kt-adv-heading30500_11d1e9-09[data-kb-block=\"kb-adv-heading30500_11d1e9-09\"] img.kb-inline-image{width:150px;vertical-align:baseline;}<\/style>\n<h5 class=\"kt-adv-heading30500_11d1e9-09 entradeta animated fadeInUp slow delay-500ms wp-block-kadence-advancedheading\" data-kb-block=\"kb-adv-heading30500_11d1e9-09\">Ayuntamiento de Madrid <\/h5>\n\n\n<div class=\"animated fadeInUp slow delay-1s wp-block-post-date\"><time datetime=\"2025-02-25T12:38:34+01:00\">25 de febrero de 2025<\/time><\/div><\/div><\/div><\/div>\n<\/div><\/div><\/div>\n\n\n\n<div class=\"wp-block-genesis-blocks-gb-container container--2 subhome gb-block-container\"><div class=\"gb-container-inside\"><div class=\"gb-container-content\">\n<div class=\"wp-block-genesis-blocks-gb-columns fila post animated fadeInUp slow gb-layout-columns-3 gb-3-col-widecenter\"><div class=\"gb-layout-column-wrap gb-block-layout-column-gap-0 gb-is-responsive-column\">\n<div class=\"wp-block-genesis-blocks-gb-column gb-block-layout-column\"><div class=\"gb-block-layout-column-inner\">\n<p><\/p>\n<\/div><\/div>\n\n\n\n<div class=\"wp-block-genesis-blocks-gb-column gb-block-layout-column\"><div class=\"gb-block-layout-column-inner\">\n<p class=\"has-text-align-center lead-text has-large-font-size\">Iniciativa para combatir la soledad de las personas mayores<\/p>\n\n\n\n<figure class=\"wp-block-image size-full\"><img loading=\"lazy\" decoding=\"async\" width=\"1200\" height=\"630\" src=\"https:\/\/isocial.cat\/wp-content\/uploads\/2025\/02\/Sense-titol-1200-x-630-px-2-min-2.png\" alt=\"Imagen que aborda la soledad no deseada de las personas mayores\n\" class=\"wp-image-30488\" srcset=\"https:\/\/isocial.cat\/wp-content\/uploads\/2025\/02\/Sense-titol-1200-x-630-px-2-min-2.png 1200w, https:\/\/isocial.cat\/wp-content\/uploads\/2025\/02\/Sense-titol-1200-x-630-px-2-min-2-500x263.png 500w, https:\/\/isocial.cat\/wp-content\/uploads\/2025\/02\/Sense-titol-1200-x-630-px-2-min-2-800x420.png 800w, https:\/\/isocial.cat\/wp-content\/uploads\/2025\/02\/Sense-titol-1200-x-630-px-2-min-2-300x158.png 300w, https:\/\/isocial.cat\/wp-content\/uploads\/2025\/02\/Sense-titol-1200-x-630-px-2-min-2-400x210.png 400w\" sizes=\"auto, (max-width: 1200px) 100vw, 1200px\" \/><\/figure>\n\n\n\n<p>Madrid te Acompa\u00f1a es una aplicaci\u00f3n m\u00f3vil que permite a las personas mayores de 65 a\u00f1os empadronadas en la ciudad de Madrid solicitar acompa\u00f1amiento para la realizaci\u00f3n de diferentes actividades.<\/p>\n\n\n\n<p>El proyecto cuenta con la colaboraci\u00f3n de Voluntarios por Madrid, un programa impulsado por el Ayuntamiento en el que personas de la ciudad ofrecen su apoyo y ayuda. A trav\u00e9s de esta aplicaci\u00f3n, personas mayores de 65 a\u00f1os que requieren alg\u00fan tipo de asistencia contactan con voluntarios con el objetivo de facilitarse el desarrollo de ciertas tareas cotidianas, como ir a hacer la compra, salir a pasear, el acompa\u00f1amiento a una visita m\u00e9dica y el apoyo en diversas tareas administrativas.<\/p>\n\n\n\n<p>El ayuntamiento coordina la aplicaci\u00f3n y permite a la red de voluntarios recibir y gestionar las solicitudes de manera automatizada. Los voluntarios pueden clasificar los servicios seg\u00fan las necesidades y caracter\u00edsticas de las personas que los solicitan y su zona de residencia. Adem\u00e1s, la aplicaci\u00f3n incorpora un espacio donde las personas que disfrutan de este apoyo pueden comentar y valorar la atenci\u00f3n recibida, mientras que los voluntarios describen la evoluci\u00f3n de la persona a la que acompa\u00f1an.<\/p>\n\n\n\n<p>El uso de la aplicaci\u00f3n es muy sencillo y al mismo tiempo facilita la inclusi\u00f3n digital de las personas mayores de la ciudad, combatiendo de esta manera la brecha digital generacional. Fomentando estos v\u00ednculos, se ofrece una atenci\u00f3n personalizada para abordar la soledad no deseada y mejorar la calidad de vida de las personas mayores de 65 a\u00f1os de la ciudad.<\/p>\n\n\n\n<figure class=\"wp-block-embed is-type-video is-provider-youtube wp-block-embed-youtube wp-embed-aspect-16-9 wp-has-aspect-ratio\"><div class=\"wp-block-embed__wrapper\">\n<iframe loading=\"lazy\" title=\"&quot;Madrid Te Acompa\u00f1a\u2019, una app para conectar a las personas mayores con el voluntariado municipal.\" width=\"905\" height=\"509\" src=\"https:\/\/www.youtube.com\/embed\/BjdD0-omWmw?feature=oembed\" frameborder=\"0\" allow=\"accelerometer; autoplay; clipboard-write; encrypted-media; gyroscope; picture-in-picture; web-share\" referrerpolicy=\"strict-origin-when-cross-origin\" allowfullscreen><\/iframe>\n<\/div><\/figure>\n\n\n\n<div class=\"wp-block-genesis-blocks-gb-container contingut-post gb-block-container\"><div class=\"gb-container-inside\"><div class=\"gb-container-content\"><\/div><\/div><\/div>\n\n\n\n<p><\/p>\n<\/div><\/div>\n\n\n\n<div class=\"wp-block-genesis-blocks-gb-column gb-block-layout-column\"><div class=\"gb-block-layout-column-inner\">\n<p><\/p>\n<\/div><\/div>\n<\/div><\/div>\n\n\n\n<div style=\"background-color:#f7f5f5\" class=\"wp-block-genesis-blocks-gb-container alignfull post-info-relacionada animated fadeInUp slow gb-block-container\"><div class=\"gb-container-inside\"><div class=\"gb-container-content\">\n<div class=\"wp-block-genesis-blocks-gb-columns fila container gb-layout-columns-3 gb-3-col-equal\"><div class=\"gb-layout-column-wrap gb-block-layout-column-gap-4 gb-is-responsive-column\">\n<div class=\"wp-block-genesis-blocks-gb-column gb-block-layout-column\"><div class=\"gb-block-layout-column-inner\"><style>.wp-block-kadence-advancedheading.kt-adv-heading30500_fd2847-48, .wp-block-kadence-advancedheading.kt-adv-heading30500_fd2847-48[data-kb-block=\"kb-adv-heading30500_fd2847-48\"]{font-style:normal;}.wp-block-kadence-advancedheading.kt-adv-heading30500_fd2847-48 mark.kt-highlight, .wp-block-kadence-advancedheading.kt-adv-heading30500_fd2847-48[data-kb-block=\"kb-adv-heading30500_fd2847-48\"] mark.kt-highlight{font-style:normal;color:#f76a0c;-webkit-box-decoration-break:clone;box-decoration-break:clone;padding-top:0px;padding-right:0px;padding-bottom:0px;padding-left:0px;}.wp-block-kadence-advancedheading.kt-adv-heading30500_fd2847-48 img.kb-inline-image, .wp-block-kadence-advancedheading.kt-adv-heading30500_fd2847-48[data-kb-block=\"kb-adv-heading30500_fd2847-48\"] img.kb-inline-image{width:150px;vertical-align:baseline;}<\/style>\n<h3 class=\"kt-adv-heading30500_fd2847-48 wp-block-kadence-advancedheading\" data-kb-block=\"kb-adv-heading30500_fd2847-48\">Caracter\u00edsticas de la innovaci\u00f3n<\/h3>\n\n\n<div class=\"taxonomy-category focusinnovacio wp-block-post-terms\"><a href=\"https:\/\/isocial.cat\/es\/category\/innovacion\/banco-innovaciones\/\" rel=\"tag\">Banco de innovaciones<\/a><span class=\"wp-block-post-terms__separator\">, <\/span><a href=\"https:\/\/isocial.cat\/es\/category\/innovacion\/banco-innovaciones\/objetivos\/autogestion-participacion\/\" rel=\"tag\">Autogesti\u00f3n y participaci\u00f3n<\/a><span class=\"wp-block-post-terms__separator\">, <\/span><a href=\"https:\/\/isocial.cat\/es\/category\/innovacion\/banco-innovaciones\/ambito-de-intervencion\/envejecimiento\/\" rel=\"tag\">Envejecimiento<\/a><span class=\"wp-block-post-terms__separator\">, <\/span><a href=\"https:\/\/isocial.cat\/es\/category\/innovacion\/banco-innovaciones\/tipo-de-iniciativa\/nuevo-modelo-intervencion\/\" rel=\"tag\">Nuevo modelo de intervenci\u00f3n<\/a><span class=\"wp-block-post-terms__separator\">, <\/span><a href=\"https:\/\/isocial.cat\/es\/category\/innovacion\/banco-innovaciones\/tipo-de-iniciativa\/nuevo-servicio\/\" rel=\"tag\">Nuevo servicio<\/a><span class=\"wp-block-post-terms__separator\">, <\/span><a href=\"https:\/\/isocial.cat\/es\/category\/innovacion\/banco-innovaciones\/tipo-de-iniciativa\/organizacion-innovadora\/\" rel=\"tag\">Organizaci\u00f3n innovadora<\/a><span class=\"wp-block-post-terms__separator\">, <\/span><a href=\"https:\/\/isocial.cat\/es\/category\/innovacion\/banco-innovaciones\/objetivos\/personalizacion-servicio\/\" rel=\"tag\">Personalizaci\u00f3n del servicio<\/a><span class=\"wp-block-post-terms__separator\">, <\/span><a href=\"https:\/\/isocial.cat\/es\/category\/innovacion\/banco-innovaciones\/objetivos\/vinculacion-comunidad\/\" rel=\"tag\">Vinculaci\u00f3n con la comunidad<\/a><\/div><\/div><\/div>\n\n\n\n<div class=\"wp-block-genesis-blocks-gb-column gb-block-layout-column\"><div class=\"gb-block-layout-column-inner\"><style>.wp-block-kadence-advancedheading.kt-adv-heading30500_767b1f-fd, .wp-block-kadence-advancedheading.kt-adv-heading30500_767b1f-fd[data-kb-block=\"kb-adv-heading30500_767b1f-fd\"]{font-style:normal;}.wp-block-kadence-advancedheading.kt-adv-heading30500_767b1f-fd mark.kt-highlight, .wp-block-kadence-advancedheading.kt-adv-heading30500_767b1f-fd[data-kb-block=\"kb-adv-heading30500_767b1f-fd\"] mark.kt-highlight{font-style:normal;color:#f76a0c;-webkit-box-decoration-break:clone;box-decoration-break:clone;padding-top:0px;padding-right:0px;padding-bottom:0px;padding-left:0px;}.wp-block-kadence-advancedheading.kt-adv-heading30500_767b1f-fd img.kb-inline-image, .wp-block-kadence-advancedheading.kt-adv-heading30500_767b1f-fd[data-kb-block=\"kb-adv-heading30500_767b1f-fd\"] img.kb-inline-image{width:150px;vertical-align:baseline;}<\/style>\n<h3 class=\"kt-adv-heading30500_767b1f-fd wp-block-kadence-advancedheading\" data-kb-block=\"kb-adv-heading30500_767b1f-fd\">Localizaci\u00f3n<\/h3>\n\n\n\n<p>Madrid<\/p>\n<\/div><\/div>\n\n\n\n<div class=\"wp-block-genesis-blocks-gb-column gb-block-layout-column\"><div class=\"gb-block-layout-column-inner\"><style>.wp-block-kadence-advancedheading.kt-adv-heading30500_619c6b-30, .wp-block-kadence-advancedheading.kt-adv-heading30500_619c6b-30[data-kb-block=\"kb-adv-heading30500_619c6b-30\"]{font-style:normal;}.wp-block-kadence-advancedheading.kt-adv-heading30500_619c6b-30 mark.kt-highlight, .wp-block-kadence-advancedheading.kt-adv-heading30500_619c6b-30[data-kb-block=\"kb-adv-heading30500_619c6b-30\"] mark.kt-highlight{font-style:normal;color:#f76a0c;-webkit-box-decoration-break:clone;box-decoration-break:clone;padding-top:0px;padding-right:0px;padding-bottom:0px;padding-left:0px;}.wp-block-kadence-advancedheading.kt-adv-heading30500_619c6b-30 img.kb-inline-image, .wp-block-kadence-advancedheading.kt-adv-heading30500_619c6b-30[data-kb-block=\"kb-adv-heading30500_619c6b-30\"] img.kb-inline-image{width:150px;vertical-align:baseline;}<\/style>\n<h3 class=\"kt-adv-heading30500_619c6b-30 wp-block-kadence-advancedheading\" data-kb-block=\"kb-adv-heading30500_619c6b-30\">Colaboradores \/ Financiadores<\/h3>\n\n\n\n<p>Ayuntamiento de Madrid, Voluntarios por Madrid<\/p>\n<\/div><\/div>\n<\/div><\/div>\n\n\n\n<div class=\"wp-block-genesis-blocks-gb-columns fila container gb-layout-columns-3 gb-3-col-equal\"><div class=\"gb-layout-column-wrap gb-block-layout-column-gap-4 gb-is-responsive-column\">\n<div class=\"wp-block-genesis-blocks-gb-column gb-block-layout-column\"><div class=\"gb-block-layout-column-inner\"><style>.wp-block-kadence-advancedheading.kt-adv-heading30500_02b36a-03, .wp-block-kadence-advancedheading.kt-adv-heading30500_02b36a-03[data-kb-block=\"kb-adv-heading30500_02b36a-03\"]{font-style:normal;}.wp-block-kadence-advancedheading.kt-adv-heading30500_02b36a-03 mark.kt-highlight, .wp-block-kadence-advancedheading.kt-adv-heading30500_02b36a-03[data-kb-block=\"kb-adv-heading30500_02b36a-03\"] mark.kt-highlight{font-style:normal;color:#f76a0c;-webkit-box-decoration-break:clone;box-decoration-break:clone;padding-top:0px;padding-right:0px;padding-bottom:0px;padding-left:0px;}.wp-block-kadence-advancedheading.kt-adv-heading30500_02b36a-03 img.kb-inline-image, .wp-block-kadence-advancedheading.kt-adv-heading30500_02b36a-03[data-kb-block=\"kb-adv-heading30500_02b36a-03\"] img.kb-inline-image{width:150px;vertical-align:baseline;}<\/style>\n<h3 class=\"kt-adv-heading30500_02b36a-03 wp-block-kadence-advancedheading\" data-kb-block=\"kb-adv-heading30500_02b36a-03\">G\u00e9nesis<\/h3>\n\n\n\n<p>La iniciativa se cre\u00f3 en 2021 a trav\u00e9s de la promoci\u00f3n del Ayuntamiento de Madrid y la colaboraci\u00f3n de la red de vountarios de Voluntarios por Madrid.<\/p>\n\n\n\n<p><\/p>\n\n\n\n<p><\/p>\n\n\n\n<p><\/p>\n\n\n\n<p><\/p>\n\n\n\n<p><\/p>\n\n\n\n<p><\/p>\n\n\n\n<p><\/p>\n\n\n\n<p><\/p>\n\n\n\n<p><\/p>\n\n\n\n<p><\/p>\n\n\n\n<p><\/p>\n\n\n\n<p><\/p>\n\n\n\n<p><\/p>\n\n\n\n<p><\/p>\n\n\n\n<p><\/p>\n\n\n\n<p><\/p>\n\n\n\n<p><\/p>\n\n\n\n<p><\/p>\n\n\n\n<p><\/p>\n<\/div><\/div>\n\n\n\n<div class=\"wp-block-genesis-blocks-gb-column gb-block-layout-column\"><div class=\"gb-block-layout-column-inner\"><style>.wp-block-kadence-advancedheading.kt-adv-heading30500_943668-50, .wp-block-kadence-advancedheading.kt-adv-heading30500_943668-50[data-kb-block=\"kb-adv-heading30500_943668-50\"]{font-style:normal;}.wp-block-kadence-advancedheading.kt-adv-heading30500_943668-50 mark.kt-highlight, .wp-block-kadence-advancedheading.kt-adv-heading30500_943668-50[data-kb-block=\"kb-adv-heading30500_943668-50\"] mark.kt-highlight{font-style:normal;color:#f76a0c;-webkit-box-decoration-break:clone;box-decoration-break:clone;padding-top:0px;padding-right:0px;padding-bottom:0px;padding-left:0px;}.wp-block-kadence-advancedheading.kt-adv-heading30500_943668-50 img.kb-inline-image, .wp-block-kadence-advancedheading.kt-adv-heading30500_943668-50[data-kb-block=\"kb-adv-heading30500_943668-50\"] img.kb-inline-image{width:150px;vertical-align:baseline;}<\/style>\n<h3 class=\"kt-adv-heading30500_943668-50 wp-block-kadence-advancedheading\" data-kb-block=\"kb-adv-heading30500_943668-50\">Nivel de implementaci\u00f3n<\/h3>\n\n\n\n<p>Participan m\u00e1s de 18.000 voluntarios y m\u00e1s de 665.000 personas mayores que viven en la ciudad de Madrid<\/p>\n\n\n\n<p><\/p>\n\n\n\n<p><\/p>\n\n\n\n<p><\/p>\n\n\n\n<p><\/p>\n\n\n\n<p><\/p>\n\n\n\n<p><\/p>\n\n\n\n<p><\/p>\n\n\n\n<p><\/p>\n\n\n\n<p><\/p>\n\n\n\n<p><\/p>\n\n\n\n<p><\/p>\n\n\n\n<p><\/p>\n\n\n\n<p><\/p>\n\n\n\n<p><\/p>\n\n\n\n<p><\/p>\n\n\n\n<p><\/p>\n\n\n\n<p><\/p>\n\n\n\n<p><\/p>\n<\/div><\/div>\n\n\n\n<div class=\"wp-block-genesis-blocks-gb-column gb-block-layout-column\"><div class=\"gb-block-layout-column-inner\">\n<p><\/p>\n<\/div><\/div>\n<\/div><\/div>\n<\/div><\/div><\/div>\n\n\n\n<div class=\"wp-block-genesis-blocks-gb-columns fila mes-info animated fadeInUp slow gb-layout-columns-1 one-column gb-has-custom-background-color alignfull\" style=\"background-color:#efecec\"><div class=\"gb-layout-column-wrap gb-block-layout-column-gap-2 gb-is-responsive-column\">\n<div class=\"wp-block-genesis-blocks-gb-column gb-block-layout-column\"><div class=\"gb-block-layout-column-inner\">\n<div class=\"wp-block-buttons is-content-justification-center is-layout-flex wp-container-core-buttons-is-layout-16018d1d wp-block-buttons-is-layout-flex\">\n<div class=\"wp-block-button has-custom-font-size gb-block-button\" style=\"font-size:20px;line-height:1.2\"><a class=\"wp-block-button__link has-text-color has-background wp-element-button\" href=\"https:\/\/www.madrid.es\/portales\/munimadrid\/es\/Inicio\/Madrid-te-Acompana\/?vgnextoid=40d1b1996f8bd710VgnVCM2000001f4a900aRCRD&amp;vgnextchannel=1ccd566813946010VgnVCM100000dc0ca8c0RCRD\" style=\"border-radius:5px;color:#ffffff;background-color:#3373dc;padding-top:10px;padding-right:1em;padding-bottom:10px;padding-left:1em\" target=\"_blank\" rel=\"noopener noreferrer noreferrer noopener\">M\u00e1s informaci\u00f3n<\/a><\/div>\n<\/div>\n<\/div><\/div>\n<\/div><\/div>\n\n\n\n<div class=\"wp-block-genesis-blocks-gb-columns post logos-colaboradors animated fadeInUp slow gb-layout-columns-3 gb-3-col-widecenter\"><div class=\"gb-layout-column-wrap gb-block-layout-column-gap-0 gb-is-responsive-column\">\n<div class=\"wp-block-genesis-blocks-gb-column gb-block-layout-column\"><div class=\"gb-block-layout-column-inner\">\n<p><\/p>\n<\/div><\/div>\n\n\n\n<div class=\"wp-block-genesis-blocks-gb-column gb-block-layout-column gb-is-vertically-aligned-center\"><div class=\"gb-block-layout-column-inner\" style=\"text-align:center\">\n<figure class=\"wp-block-gallery has-nested-images columns-default is-cropped wp-block-gallery-1 is-layout-flex wp-block-gallery-is-layout-flex\">\n<figure class=\"wp-block-image size-large\"><img loading=\"lazy\" decoding=\"async\" width=\"240\" height=\"240\" data-id=\"30492\" src=\"https:\/\/isocial.cat\/wp-content\/uploads\/2025\/02\/logo_mta-min.png\" alt=\"Logo Madrid te Acompa\u00f1a\n\" class=\"wp-image-30492\" srcset=\"https:\/\/isocial.cat\/wp-content\/uploads\/2025\/02\/logo_mta-min.png 240w, https:\/\/isocial.cat\/wp-content\/uploads\/2025\/02\/logo_mta-min-100x100.png 100w\" sizes=\"auto, (max-width: 240px) 100vw, 240px\" \/><\/figure>\n<\/figure>\n<\/div><\/div>\n\n\n\n<div class=\"wp-block-genesis-blocks-gb-column gb-block-layout-column\"><div class=\"gb-block-layout-column-inner\">\n<p><\/p>\n<\/div><\/div>\n<\/div><\/div>\n\n\n\n<div class=\"wp-block-genesis-blocks-gb-columns fila mes-info botons-innovacio animated fadeInUp slow gb-layout-columns-2 gb-2-col-equal gb-has-custom-background-color alignfull\" style=\"background-color:#89266c\"><div class=\"gb-layout-column-wrap gb-block-layout-column-gap-2 gb-is-responsive-column\">\n<div class=\"wp-block-genesis-blocks-gb-column gb-block-layout-column\"><div class=\"gb-block-layout-column-inner\">\n<div style=\"text-align:center\" class=\"wp-block-genesis-blocks-gb-button boto-proposa gb-block-button\"><a href=\"https:\/\/isocial.cat\/es\/propon-tu-innovacion\/\" class=\"gb-button gb-button-shape-rounded gb-button-size-medium\" style=\"color:#ffffff;background-color:#3373dc\">Prop\u00f3n tu innovaci\u00f3n<\/a><\/div>\n<\/div><\/div>\n\n\n\n<div class=\"wp-block-genesis-blocks-gb-column gb-block-layout-column\"><div class=\"gb-block-layout-column-inner\">\n<div style=\"text-align:center\" class=\"wp-block-genesis-blocks-gb-button boto-totes gb-block-button\"><a href=\"https:\/\/isocial.cat\/es\/banco-de-innovaciones\/\" class=\"gb-button gb-button-shape-rounded gb-button-size-medium\" style=\"color:#ffffff;background-color:#3373dc\">Todas las innovaciones<\/a><\/div>\n<\/div><\/div>\n<\/div><\/div>\n<\/div><\/div><\/div>\n\n\n<div id=\"Banc_dinnovacions\"  class=\"ultp-post-grid-block wp-block-ultimate-post-post-grid-1 ultp-block-7c10ea containeru002du002d2 subhome grid-darrers-projectes animated fadeInUp slow\"><div class=\"ultp-block-wrapper\"><div class=\"ultp-loading\"><div class=\"ultp-loading-spinner\" style=\"width:100%;height:100%\"><div><\/div><div><\/div><div><\/div><div><\/div><div><\/div><div><\/div><div><\/div><div><\/div><div><\/div><div><\/div><div><\/div><div><\/div><\/div><\/div><div class=\"ultp-heading-filter\"><div class=\"ultp-heading-filter-in\"><div class=\"ultp-heading-wrap ultp-heading-style1 ultp-heading-left\"><p class=\"ultp-heading-inner\"><span>Banc d&#8217;innovacions<\/span><\/p><\/div><div class=\"ultp-filter-navigation\"><\/div><\/div><\/div><div class=\"ultp-block-items-wrap ultp-block-row ultp-pg1a-style1 ultp-grid1-responsive ultp-block-column-4 1 1 ultp-layout1\"><div class=\"ultp-block-item post-id-37705\"><div class=\"ultp-block-content-wrap\"><div class=\"ultp-block-image ultp-block-image-zoomIn\"><a href=\"https:\/\/isocial.cat\/es\/emaus-gizarte-fundazioa-se-convierte-en-la-23a-entidad-miembro-de-isocial\/\"><img loading=\"lazy\" decoding=\"async\" width=\"600\" height=\"600\"  class=\"ultp-block-image-content\"  alt=\"Imagen que muestra una acci\u00f3n de intervenci\u00f3n comunitaria llevada a cabo por Ema\u00fas. En la fotografia se ve una chica y un chico con un rodete de pintura delante de un muro con grafittis\"  src=\"https:\/\/isocial.cat\/wp-content\/uploads\/2026\/04\/Imagen-que-muestra-una-accion-de-intervencion-comunitaria-llevada-a-cabo-por-Emaus.-En-la-fotografia-se-ve-una-chica-y-un-chico-con-un-rodete-de-pintura-delante-de-un-muro-con-grafittis-600x600.png\" \/><\/a><\/div><div class=\"ultp-block-content\"><h4 class=\"ultp-block-title \"><a href=\"https:\/\/isocial.cat\/es\/emaus-gizarte-fundazioa-se-convierte-en-la-23a-entidad-miembro-de-isocial\/\">Emaus Gizarte Fundazioa se convierte en la 23\u00aa entidad miembro de iSocial<\/a><\/h4><div class=\"ultp-block-excerpt\">Emaus Gizarte Fundazioa, referente en transformaci\u00f3n comunitaria y econom\u00eda circular en el Pa\u00eds Vasco, se ha incorporado a la Fundaci\u00f3n iSocial como 23\u00aa entidad miembro. Con esta adhesi\u00f3n, la red de iSocial sigue creciendo y refuerza su compromiso con la innovaci\u00f3n social y el trabajo colectivo.<\/div><\/div><\/div><\/div><div class=\"ultp-block-item post-id-36574\"><div class=\"ultp-block-content-wrap\"><div class=\"ultp-block-image ultp-block-image-zoomIn\"><a href=\"https:\/\/isocial.cat\/es\/rapnic-recibe-el-2o-premio-del-concurso-aina-inteligencia-territorial\/\"><img loading=\"lazy\" decoding=\"async\" width=\"600\" height=\"600\"  class=\"ultp-block-image-content\"  alt=\"Aplicaci\u00f3n de IA de reconocimiento de voz\"  src=\"https:\/\/isocial.cat\/wp-content\/uploads\/2026\/03\/rapnic-600x600.png\" \/><\/a><\/div><div class=\"ultp-block-content\"><h4 class=\"ultp-block-title \"><a href=\"https:\/\/isocial.cat\/es\/rapnic-recibe-el-2o-premio-del-concurso-aina-inteligencia-territorial\/\">RAPNIC recibe el 2\u00ba premio del concurso AINA \u201cInteligencia Territorial\u201d<\/a><\/h4><div class=\"ultp-block-excerpt\">RAPNIC ha sido reconocido en la categor\u00eda \u201cInteligencia Artificial para reducir las brechas digitales\u201d del concurso AINA \u201cInteligencia Territorial\u201d, que impulsa soluciones en catal\u00e1n para mejorar la accesibilidad y la inclusi\u00f3n digital.<\/div><\/div><\/div><\/div><div class=\"ultp-block-item post-id-36524\"><div class=\"ultp-block-content-wrap\"><div class=\"ultp-block-image ultp-block-image-zoomIn\"><a href=\"https:\/\/isocial.cat\/es\/hacia-una-vida-independiente-redes-de-apoyo-comunitario-y-puntos-de-orientacion-personalizada\/\"><img loading=\"lazy\" decoding=\"async\" width=\"600\" height=\"600\"  class=\"ultp-block-image-content\"  alt=\"Imatge de portada del poper Innobreak, que tindr\u00e0 lloc el 21 d&#039;abril i que tractar\u00e0 sobre vida independent.\"  src=\"https:\/\/isocial.cat\/wp-content\/uploads\/2026\/03\/Innobreak-21.04-1-600x600.png\" \/><\/a><\/div><div class=\"ultp-block-content\"><h4 class=\"ultp-block-title \"><a href=\"https:\/\/isocial.cat\/es\/hacia-una-vida-independiente-redes-de-apoyo-comunitario-y-puntos-de-orientacion-personalizada\/\">Hacia una vida independiente: redes de apoyo comunitario y puntos de orientaci\u00f3n personalizada<\/a><\/h4><div class=\"ultp-block-excerpt\">Neighbourhood Networks (Escocia) y A-Punt (Catalu\u00f1a). 21 de abril del 2026, de 9:00 h a 10:30 h. Inscripciones abiertas.<\/div><\/div><\/div><\/div><div class=\"ultp-block-item post-id-36488\"><div class=\"ultp-block-content-wrap\"><div class=\"ultp-block-image ultp-block-image-zoomIn\"><a href=\"https:\/\/isocial.cat\/es\/el-autocuidado-para-prevenir-el-burnout-y-mejorar-el-bienestar-de-los-profesionales-de-servicios-sociales-2\/\"><img loading=\"lazy\" decoding=\"async\" width=\"600\" height=\"600\"  class=\"ultp-block-image-content\"  alt=\"Representaci\u00f3n visual del burnout laboral: cerilla quemada, simbolizando el estr\u00e9s laboral y la necesidad de autocuidado en profesionales del sector social.\"  src=\"https:\/\/isocial.cat\/wp-content\/uploads\/2026\/03\/Diseno-sin-titulo-1-600x600.png\" \/><\/a><\/div><div class=\"ultp-block-content\"><h4 class=\"ultp-block-title \"><a href=\"https:\/\/isocial.cat\/es\/el-autocuidado-para-prevenir-el-burnout-y-mejorar-el-bienestar-de-los-profesionales-de-servicios-sociales-2\/\">El autocuidado para prevenir el burnout y mejorar el bienestar de los profesionales de servicios sociales<\/a><\/h4><div class=\"ultp-block-excerpt\">Cuidar de nuestro bienestar emocional es esencial para poder desarrollar con calidad las tareas del d\u00eda a d\u00eda. Por este motivo, el autocuidado es especialmente importante en \u00e1mbitos como el sector social, donde las exigencias y la presi\u00f3n son muy elevadas.<\/div><\/div><\/div><\/div><div class=\"ultp-block-item post-id-36436\"><div class=\"ultp-block-content-wrap\"><div class=\"ultp-block-image ultp-block-image-zoomIn\"><a href=\"https:\/\/isocial.cat\/es\/presentamos-los-resultados-del-proyecto-vincles-alt-pirineu-aran-en-el-periodo-2023-2025-en-un-acto-en-sort\/\"><img loading=\"lazy\" decoding=\"async\" width=\"600\" height=\"600\"  class=\"ultp-block-image-content\"  alt=\"Cartelleria de l&#039;acte de presentaci\u00f3 de resultats del projecte Vincles 2023-2026\"  src=\"https:\/\/isocial.cat\/wp-content\/uploads\/2026\/03\/Noticia-Resultats-Vincles-min-600x600.png\" \/><\/a><\/div><div class=\"ultp-block-content\"><h4 class=\"ultp-block-title \"><a href=\"https:\/\/isocial.cat\/es\/presentamos-los-resultados-del-proyecto-vincles-alt-pirineu-aran-en-el-periodo-2023-2025-en-un-acto-en-sort\/\">Presentamos los resultados del proyecto Vincles Alt Pirineu-Aran en el per\u00edodo 2023-2025 en un acto en Sort<\/a><\/h4><div class=\"ultp-block-excerpt\">El 5 de marzo realizamos en Sort (Pallars Sobir\u00e0) el acto de presentaci\u00f3n de resultados del proyecto Vincles durante el per\u00edodo 2023-2025, donde se puso de manifiesto el \u00e9xito y la necesidad de continuidad del programa.<\/div><\/div><\/div><\/div><div class=\"ultp-block-item post-id-36299\"><div class=\"ultp-block-content-wrap\"><div class=\"ultp-block-image ultp-block-image-zoomIn\"><a href=\"https:\/\/isocial.cat\/es\/isocial-y-somos-conexion-suman-esfuerzos-para-impulsar-el-conocimiento-y-la-tecnologia-social\/\"><img loading=\"lazy\" decoding=\"async\" width=\"600\" height=\"600\"  class=\"ultp-block-image-content\"  alt=\"Noticia Somos Conexi\u00f3n\"  src=\"https:\/\/isocial.cat\/wp-content\/uploads\/2026\/02\/Noticia-Somos-Conexion-600x600.png\" \/><\/a><\/div><div class=\"ultp-block-content\"><h4 class=\"ultp-block-title \"><a href=\"https:\/\/isocial.cat\/es\/isocial-y-somos-conexion-suman-esfuerzos-para-impulsar-el-conocimiento-y-la-tecnologia-social\/\">iSocial y Somos Conexi\u00f3n suman esfuerzos para impulsar el conocimiento y la tecnolog\u00eda social<\/a><\/h4><div class=\"ultp-block-excerpt\">La cooperativa Somos Conexi\u00f3n patrocinar\u00e1 tres de los Innobreaks que realizaremos durante el 2026. Las sesiones pondr\u00e1n el foco en el uso consciente e inclusivo de la tecnolog\u00eda en el \u00e1mbito social, y permitir\u00e1n acercar al sector iniciativas innovadoras que abordan retos digitales emergentes.<\/div><\/div><\/div><\/div><\/div><div class=\"ultp-pagination-wrap ultp-pagination-ajax-action\" data-paged=\"1\" data-expost=\"\"  data-blockid=\"7c10ea\" data-postid=\"30500\" data-pages=\"82\" data-blockname=\"ultimate-post_post-grid-1\" data-selfpostid=\"yes\"><ul class=\"ultp-pagination\"><li class=\"ultp-prev-page-numbers\" style=\"display:none\"><a href=\"https:\/\/isocial.cat\/es\/wp-json\/wp\/v2\/posts\/30500\/\"><svg xmlns=\"http:\/\/www.w3.org\/2000\/svg\" fill=\"none\" viewBox=\"0 0 24 24\">\n  <path stroke=\"currentColor\" stroke-linecap=\"round\" stroke-linejoin=\"round\" stroke-width=\"1.5\" d=\"m15 18-6-6 6-6\"\/>\n<\/svg>\n <\/a><\/li><li class=\"ultp-first-pages\" style=\"display:none\" data-current=\"1\"><a href=\"https:\/\/isocial.cat\/es\/wp-json\/wp\/v2\/posts\/30500\/\">1<\/a><\/li><li class=\"ultp-first-dot\"style=\"display:none\"><a href=\"#\">&#8230;<\/a><\/li><li class=\"ultp-center-item pagination-active\" data-current=\"1\"><a href=\"https:\/\/isocial.cat\/es\/wp-json\/wp\/v2\/posts\/30500\/\">1<\/a><\/li><li class=\"ultp-center-item\" data-current=\"2\" ><a href=\"https:\/\/isocial.cat\/es\/wp-json\/wp\/v2\/posts\/30500\/page\/2\/\">2<\/a><\/li><li class=\"ultp-center-item\" data-current=\"3\" ><a href=\"https:\/\/isocial.cat\/es\/wp-json\/wp\/v2\/posts\/30500\/page\/3\/\">3<\/a><\/li><li class=\"ultp-last-dot\" ><a href=\"#\">&#8230;<\/a><\/li><li class=\"ultp-last-pages\" data-current=\"82\"><a href=\"https:\/\/isocial.cat\/es\/wp-json\/wp\/v2\/posts\/30500\/page\/82\/\">82<\/a><\/li><li class=\"ultp-next-page-numbers\"><a href=\"https:\/\/isocial.cat\/es\/wp-json\/wp\/v2\/posts\/30500\/page\/2\/\"><svg xmlns=\"http:\/\/www.w3.org\/2000\/svg\" fill=\"none\" viewBox=\"0 0 24 24\">\n  <path stroke=\"currentColor\" stroke-linecap=\"round\" stroke-linejoin=\"round\" stroke-width=\"1.5\" d=\"m9 18 6-6-6-6\"\/>\n<\/svg>\n<\/a><\/li><\/ul><\/div><\/div><div class=\"pagination-block-html\" aria-hidden=\"true\" style=\"display: none;\"><\/div><\/div>\n\n\n<div class=\"wp-block-genesis-blocks-gb-columns footer-newsletter gb-layout-columns-1 one-column alignfull\"><div class=\"gb-layout-column-wrap gb-block-layout-column-gap-2 gb-is-responsive-column\">\n<div class=\"wp-block-genesis-blocks-gb-column gb-block-layout-column\"><div class=\"gb-block-layout-column-inner\">\n<div class=\"wp-block-genesis-blocks-gb-columns container gb-layout-columns-1 one-column\"><div class=\"gb-layout-column-wrap gb-block-layout-column-gap-2 gb-is-responsive-column\">\n<div class=\"wp-block-genesis-blocks-gb-column gb-block-layout-column\"><div class=\"gb-block-layout-column-inner\"><style>.wp-block-kadence-advancedheading.kt-adv-heading_4d2423-9c, .wp-block-kadence-advancedheading.kt-adv-heading_4d2423-9c[data-kb-block=\"kb-adv-heading_4d2423-9c\"]{font-style:normal;}.wp-block-kadence-advancedheading.kt-adv-heading_4d2423-9c mark.kt-highlight, .wp-block-kadence-advancedheading.kt-adv-heading_4d2423-9c[data-kb-block=\"kb-adv-heading_4d2423-9c\"] mark.kt-highlight{font-style:normal;color:#f76a0c;-webkit-box-decoration-break:clone;box-decoration-break:clone;padding-top:0px;padding-right:0px;padding-bottom:0px;padding-left:0px;}.wp-block-kadence-advancedheading.kt-adv-heading_4d2423-9c img.kb-inline-image, .wp-block-kadence-advancedheading.kt-adv-heading_4d2423-9c[data-kb-block=\"kb-adv-heading_4d2423-9c\"] img.kb-inline-image{width:150px;vertical-align:baseline;}<\/style>\n<h3 class=\"kt-adv-heading_4d2423-9c titol-seccio wp-block-kadence-advancedheading\" data-kb-block=\"kb-adv-heading_4d2423-9c\">Newsletter<\/h3>\n\n\n<style>.wp-block-kadence-advancedheading.kt-adv-heading_cf2667-29, .wp-block-kadence-advancedheading.kt-adv-heading_cf2667-29[data-kb-block=\"kb-adv-heading_cf2667-29\"]{font-style:normal;}.wp-block-kadence-advancedheading.kt-adv-heading_cf2667-29 mark.kt-highlight, .wp-block-kadence-advancedheading.kt-adv-heading_cf2667-29[data-kb-block=\"kb-adv-heading_cf2667-29\"] mark.kt-highlight{font-style:normal;color:#f76a0c;-webkit-box-decoration-break:clone;box-decoration-break:clone;padding-top:0px;padding-right:0px;padding-bottom:0px;padding-left:0px;}.wp-block-kadence-advancedheading.kt-adv-heading_cf2667-29 img.kb-inline-image, .wp-block-kadence-advancedheading.kt-adv-heading_cf2667-29[data-kb-block=\"kb-adv-heading_cf2667-29\"] img.kb-inline-image{width:150px;vertical-align:baseline;}<\/style>\n<h4 class=\"kt-adv-heading_cf2667-29 wp-block-kadence-advancedheading\" data-kb-block=\"kb-adv-heading_cf2667-29\">Suscr\u00edbete si quieres estar informado en todas las tendencias de innovaci\u00f3n en servicios sociales.<\/h4>\n\n\n<\/div><\/div>\n<\/div><\/div>\n<\/div><\/div>\n<\/div><\/div>\n\n\n\n<p><\/p>\n","protected":false},"excerpt":{"rendered":"<p>Proyecto para combatir la soledad no deseada<\/p>\n","protected":false},"author":5,"featured_media":30491,"comment_status":"closed","ping_status":"closed","sticky":false,"template":"","format":"standard","meta":{"_acf_changed":false,"inline_featured_image":false,"_kad_blocks_custom_css":"","_kad_blocks_head_custom_js":"","_kad_blocks_body_custom_js":"","_kad_blocks_footer_custom_js":"","footnotes":""},"categories":[126,136,182,162,164,168,148,156],"tags":[],"class_list":{"0":"post-30500","1":"post","2":"type-post","3":"status-publish","4":"format-standard","5":"has-post-thumbnail","6":"hentry","7":"category-banco-innovaciones","8":"category-autogestion-participacion","9":"category-envejecimiento","10":"category-nuevo-modelo-intervencion","11":"category-nuevo-servicio","12":"category-organizacion-innovadora","13":"category-personalizacion-servicio","14":"category-vinculacion-comunidad","16":"with-featured-image"},"acf":[],"taxonomy_info":{"category":[{"value":126,"label":"Banco de innovaciones"},{"value":136,"label":"Autogesti\u00f3n y participaci\u00f3n"},{"value":182,"label":"Envejecimiento"},{"value":162,"label":"Nuevo modelo de intervenci\u00f3n"},{"value":164,"label":"Nuevo servicio"},{"value":168,"label":"Organizaci\u00f3n innovadora"},{"value":148,"label":"Personalizaci\u00f3n del servicio"},{"value":156,"label":"Vinculaci\u00f3n con la comunidad"}]},"featured_image_src_large":["https:\/\/isocial.cat\/wp-content\/uploads\/2025\/02\/Sense-titol-1200-x-630-px-2-min-2.png",1200,630,false],"author_info":{"display_name":"Ferran Benito","author_link":"https:\/\/isocial.cat\/es\/author\/fbenito\/"},"comment_info":0,"category_info":[{"term_id":126,"name":"Banco de innovaciones","slug":"banco-innovaciones","term_group":0,"term_taxonomy_id":126,"taxonomy":"category","description":"","parent":124,"count":186,"filter":"raw","term_order":"0","cat_ID":126,"category_count":186,"category_description":"","cat_name":"Banco de innovaciones","category_nicename":"banco-innovaciones","category_parent":124},{"term_id":136,"name":"Autogesti\u00f3n y participaci\u00f3n","slug":"autogestion-participacion","term_group":0,"term_taxonomy_id":136,"taxonomy":"category","description":"","parent":128,"count":92,"filter":"raw","term_order":"0","cat_ID":136,"category_count":92,"category_description":"","cat_name":"Autogesti\u00f3n y participaci\u00f3n","category_nicename":"autogestion-participacion","category_parent":128},{"term_id":182,"name":"Envejecimiento","slug":"envejecimiento","term_group":0,"term_taxonomy_id":182,"taxonomy":"category","description":"","parent":172,"count":62,"filter":"raw","term_order":"0","cat_ID":182,"category_count":62,"category_description":"","cat_name":"Envejecimiento","category_nicename":"envejecimiento","category_parent":172},{"term_id":162,"name":"Nuevo modelo de intervenci\u00f3n","slug":"nuevo-modelo-intervencion","term_group":0,"term_taxonomy_id":162,"taxonomy":"category","description":"","parent":158,"count":60,"filter":"raw","term_order":"0","cat_ID":162,"category_count":60,"category_description":"","cat_name":"Nuevo modelo de intervenci\u00f3n","category_nicename":"nuevo-modelo-intervencion","category_parent":158},{"term_id":164,"name":"Nuevo servicio","slug":"nuevo-servicio","term_group":0,"term_taxonomy_id":164,"taxonomy":"category","description":"","parent":158,"count":103,"filter":"raw","term_order":"0","cat_ID":164,"category_count":103,"category_description":"","cat_name":"Nuevo servicio","category_nicename":"nuevo-servicio","category_parent":158},{"term_id":168,"name":"Organizaci\u00f3n innovadora","slug":"organizacion-innovadora","term_group":0,"term_taxonomy_id":168,"taxonomy":"category","description":"","parent":158,"count":25,"filter":"raw","term_order":"0","cat_ID":168,"category_count":25,"category_description":"","cat_name":"Organizaci\u00f3n innovadora","category_nicename":"organizacion-innovadora","category_parent":158},{"term_id":148,"name":"Personalizaci\u00f3n del servicio","slug":"personalizacion-servicio","term_group":0,"term_taxonomy_id":148,"taxonomy":"category","description":"","parent":128,"count":134,"filter":"raw","term_order":"0","cat_ID":148,"category_count":134,"category_description":"","cat_name":"Personalizaci\u00f3n del servicio","category_nicename":"personalizacion-servicio","category_parent":128},{"term_id":156,"name":"Vinculaci\u00f3n con la comunidad","slug":"vinculacion-comunidad","term_group":0,"term_taxonomy_id":156,"taxonomy":"category","description":"","parent":128,"count":102,"filter":"raw","term_order":"0","cat_ID":156,"category_count":102,"category_description":"","cat_name":"Vinculaci\u00f3n con la comunidad","category_nicename":"vinculacion-comunidad","category_parent":128}],"tag_info":false,"featured_image_src":"https:\/\/isocial.cat\/wp-content\/uploads\/2025\/02\/Sense-titol-1200-x-630-px-2-min-2-600x400.png","featured_image_src_square":"https:\/\/isocial.cat\/wp-content\/uploads\/2025\/02\/Sense-titol-1200-x-630-px-2-min-2-600x600.png","_links":{"self":[{"href":"https:\/\/isocial.cat\/es\/wp-json\/wp\/v2\/posts\/30500","targetHints":{"allow":["GET"]}}],"collection":[{"href":"https:\/\/isocial.cat\/es\/wp-json\/wp\/v2\/posts"}],"about":[{"href":"https:\/\/isocial.cat\/es\/wp-json\/wp\/v2\/types\/post"}],"author":[{"embeddable":true,"href":"https:\/\/isocial.cat\/es\/wp-json\/wp\/v2\/users\/5"}],"replies":[{"embeddable":true,"href":"https:\/\/isocial.cat\/es\/wp-json\/wp\/v2\/comments?post=30500"}],"version-history":[{"count":2,"href":"https:\/\/isocial.cat\/es\/wp-json\/wp\/v2\/posts\/30500\/revisions"}],"predecessor-version":[{"id":32140,"href":"https:\/\/isocial.cat\/es\/wp-json\/wp\/v2\/posts\/30500\/revisions\/32140"}],"wp:featuredmedia":[{"embeddable":true,"href":"https:\/\/isocial.cat\/es\/wp-json\/wp\/v2\/media\/30491"}],"wp:attachment":[{"href":"https:\/\/isocial.cat\/es\/wp-json\/wp\/v2\/media?parent=30500"}],"wp:term":[{"taxonomy":"category","embeddable":true,"href":"https:\/\/isocial.cat\/es\/wp-json\/wp\/v2\/categories?post=30500"},{"taxonomy":"post_tag","embeddable":true,"href":"https:\/\/isocial.cat\/es\/wp-json\/wp\/v2\/tags?post=30500"}],"curies":[{"name":"wp","href":"https:\/\/api.w.org\/{rel}","templated":true}]}}