{"id":3988,"date":"2019-11-20T12:42:00","date_gmt":"2019-11-20T11:42:00","guid":{"rendered":"https:\/\/isocial.cat\/un-nou-debat-aprofundeix-en-les-oportunitats-i-els-limits-dels-sistemes-predictius-i-lautomatitzacio-en-serveis-socials\/"},"modified":"2022-04-12T13:40:23","modified_gmt":"2022-04-12T12:40:23","slug":"un-nuevo-debate-profundiza-en-las-oportunidades-y-los-limites-de-los-sistemas-predictivos-y-la-automatizacion-en-servicios-sociales","status":"publish","type":"post","link":"https:\/\/isocial.cat\/es\/un-nuevo-debate-profundiza-en-las-oportunidades-y-los-limites-de-los-sistemas-predictivos-y-la-automatizacion-en-servicios-sociales\/","title":{"rendered":"Un nuevo debate profundiza en las oportunidades y los l\u00edmites de los sistemas predictivos y la automatizaci\u00f3n en Servicios Sociales"},"content":{"rendered":"\n<div class=\"wp-block-genesis-blocks-gb-container alignfull header--3 subhome--1 gb-block-container\"><div class=\"gb-container-inside\"><div class=\"gb-container-content\">\n<div class=\"wp-block-genesis-blocks-gb-container container gb-block-container\"><div class=\"gb-container-inside\"><div class=\"gb-container-content\">\n<span class=\"parent--link separador animated fadeInUp slow\"><a href=\"https:\/\/isocial.cat\/es\/publicaciones\/\" data-type=\"page\" data-id=\"4903\">Publicaciones<\/a> <a href=\"https:\/\/isocial.cat\/es\/noticias\/\" data-type=\"page\" data-id=\"12754\">Noticias<\/a><\/span>\n\n\n<h1 class=\"animated fadeInUp delay-200ms slow wp-block-post-title\">Un nuevo debate profundiza en las oportunidades y los l\u00edmites de los sistemas predictivos y la automatizaci\u00f3n en Servicios Sociales<\/h1>\n\n<div class=\"animated fadeInUp slow delay-500ms wp-block-post-date\"><time datetime=\"2019-11-20T12:42:00+01:00\">20 de noviembre de 2019<\/time><\/div><\/div><\/div><\/div>\n<\/div><\/div><\/div>\n\n\n\n<div class=\"wp-block-genesis-blocks-gb-container container--2 subhome gb-block-container\"><div class=\"gb-container-inside\"><div class=\"gb-container-content\">\n<div class=\"wp-block-genesis-blocks-gb-columns fila post animated fadeInUp slow gb-layout-columns-3 gb-3-col-widecenter\"><div class=\"gb-layout-column-wrap gb-block-layout-column-gap-0 gb-is-responsive-column\">\n<div class=\"wp-block-genesis-blocks-gb-column gb-block-layout-column\"><div class=\"gb-block-layout-column-inner\">\n<p><\/p>\n<\/div><\/div>\n\n\n\n<div class=\"wp-block-genesis-blocks-gb-column gb-block-layout-column\"><div class=\"gb-block-layout-column-inner\"><div class=\"taxonomy-category actualitat--categories wp-block-post-terms\"><a href=\"https:\/\/isocial.cat\/es\/category\/publicaciones\/noticias\/\" rel=\"tag\">Noticias<\/a><span class=\"wp-block-post-terms__separator\">, <\/span><a href=\"https:\/\/isocial.cat\/es\/category\/publicaciones\/\" rel=\"tag\">Publicaciones<\/a><\/div>\n\n<figure class=\"img-destacada wp-block-post-featured-image\"><img loading=\"lazy\" decoding=\"async\" width=\"2048\" height=\"1429\" src=\"https:\/\/isocial.cat\/wp-content\/uploads\/2022\/03\/Albert.jpg\" class=\"attachment-post-thumbnail size-post-thumbnail wp-post-image\" alt=\"\" style=\"object-fit:cover;\" srcset=\"https:\/\/isocial.cat\/wp-content\/uploads\/2022\/03\/Albert.jpg 2048w, https:\/\/isocial.cat\/wp-content\/uploads\/2022\/03\/Albert-400x279.jpg 400w, https:\/\/isocial.cat\/wp-content\/uploads\/2022\/03\/Albert-300x209.jpg 300w, https:\/\/isocial.cat\/wp-content\/uploads\/2022\/03\/Albert-1024x715.jpg 1024w, https:\/\/isocial.cat\/wp-content\/uploads\/2022\/03\/Albert-768x536.jpg 768w, https:\/\/isocial.cat\/wp-content\/uploads\/2022\/03\/Albert-1536x1072.jpg 1536w, https:\/\/isocial.cat\/wp-content\/uploads\/2022\/03\/Albert-1200x837.jpg 1200w, https:\/\/isocial.cat\/wp-content\/uploads\/2022\/03\/Albert-1400x977.jpg 1400w\" sizes=\"auto, (max-width: 2048px) 100vw, 2048px\" \/><\/figure>\n\n\n\n\n<div class=\"wp-block-genesis-blocks-gb-container contingut-post gb-block-container\"><div class=\"gb-container-inside\"><div class=\"gb-container-content\">\n<p class=\"lead-text has-large-font-size\">El Palau Macaya de Barcelona ha acogido el 19 de noviembre el 3er debate del Ciclo \u00abBig Data y Servicios Sociales\u00bb de la Fundaci\u00f3n iSocial, en la que cuatro expertos han reflexionado sobre las oportunidades y los l\u00edmites de introducir sistemas predictivos y procesos de automatizaci\u00f3n en el sector de los Servicios Sociales. El debate ha sido conducido por el profesor de ciencia de datos de la Universitat Oberta de Catalunya (UOC), Jordi Conesa.<\/p>\n\n\n\n<p>En primer lugar ha intervenido Albert Isern, CEO de la empresa de big data Momentum Analytics, el cual ha realizado su ponencia sobre las oportunidades que hoy tiene el sector de los Servicios Sociales de aprovechar la experiencia de \u00e9xito del sector comercial, durante los \u00faltimos 15 a\u00f1os, en el conocimiento y la segmentaci\u00f3n de los clientes actuales y de los clientes potenciales de productos y servicios, mediante el tratamiento y el an\u00e1lisis masivo de datos. Ha explicado de qu\u00e9 manera las empresas de big data tratan los datos y el tipo de resultados y de conocimiento que obtienen.<\/p>\n\n\n\n<p>En segundo lugar, Lourdes Rodriguez, de la Fundaci\u00f3n TIC Salut Social, ha presentado el proyecto Intersocial, que busca definir un vocabulario controlado com\u00fan a utilizar para interoperar informaci\u00f3n en el \u00e1mbito de la atenci\u00f3n social, particularmente dirigida a las personas que tienen necesidades sociales y sanitarias. Mediante este vocabulario se pretende conseguir una mayor integraci\u00f3n de los datos de los diferentes sistemas de gesti\u00f3n en el \u00e1mbito de la atenci\u00f3n social en Catalu\u00f1a.<\/p>\n\n\n\n<p>Posteriormente, el gerente de Servicios Sociales de la Junta de Castilla y Le\u00f3n, Carlos Raul de Pablos, ha expuesto los proyectos PACT y ERGOSS de este gobierno auton\u00f3mico, mediante los que desde hace diez a\u00f1os est\u00e1n desarrollado t\u00e9cnicas y herramientas Big Data para conocer las necesidades sociales del territorio, compartir conocimiento e integrar recursos entre los sistemas social y de salud, segmentar la poblaci\u00f3n en situaci\u00f3n de vulnerabilidad, y prever la evoluci\u00f3n futura de servicios y prestaciones, como por ejemplo de la Renta Garantizada de Ciudadan\u00eda.<\/p>\n\n\n\n<p>Finalmente, la directora de la Fundaci\u00f3n Victor Grifols i Lucas, Nuria Terribas, experta en bio\u00e9tica, ha aportado su punto de vista sobre los l\u00edmites y los principios \u00e9ticos que los sistemas predictivos y los procesos de automatizaci\u00f3n en Servicios Sociales deben tener en cuenta y preservar para garantizar que en \u00faltimo t\u00e9rmino aporten una mejora del bienestar y la calidad de vida de la ciudadan\u00eda con pleno respeto de sus derechos y de su intimidad.<\/p>\n\n\n\n<p>En el turno de debate abierto se han planteado muchas preguntas por parte de los asistentes, en temas como la automatizaci\u00f3n en el otorgamiento de prestaciones; el derecho de los usuarios a acceder a su historial e informes; los posibles sesgos y discriminaciones de los algoritmos; los l\u00edmites en la anonimizaci\u00f3n de los datos; etc.<\/p>\n\n\n\n<p>Despu\u00e9s de este 3er debate, el ciclo de reflexi\u00f3n contin\u00faa durante diciembre, enero y febrero con talleres a puerta cerrada con ayuntamientos y consejos comarcales interesados en desarrollar herramientas predictivas en el \u00e1mbito de los Servicios Sociales. Y finalizar\u00e1 el 10 de marzo con una conferencia de clausura a cargo del experto vasco Fernando Fantova y la presentaci\u00f3n por parte de iSocial de un documento final de conclusiones.<\/p>\n<\/div><\/div><\/div>\n<\/div><\/div>\n\n\n\n<div class=\"wp-block-genesis-blocks-gb-column gb-block-layout-column\"><div class=\"gb-block-layout-column-inner\">\n<p><\/p>\n<\/div><\/div>\n<\/div><\/div>\n\n\n\n\n<\/div><\/div><\/div>\n\n\n<div  class=\"ultp-post-grid-block wp-block-ultimate-post-post-grid-1 ultp-block-8dac1c container--2 subhome grid-darrers-projectes animated fadeInUp slow\"><div class=\"ultp-block-wrapper\"><div class=\"ultp-loading\"><div class=\"ultp-loading-spinner\" style=\"width:100%;height:100%\"><div><\/div><div><\/div><div><\/div><div><\/div><div><\/div><div><\/div><div><\/div><div><\/div><div><\/div><div><\/div><div><\/div><div><\/div><\/div><\/div><div class=\"ultp-heading-filter\"><div class=\"ultp-heading-filter-in\"><div class=\"ultp-heading-wrap ultp-heading-style1 ultp-heading-left\"><p class=\"ultp-heading-inner\"><span>Actualitat<\/span><\/p><\/div><div class=\"ultp-filter-navigation\"><\/div><\/div><\/div><div class=\"ultp-block-items-wrap ultp-block-row ultp-pg1a-style1 ultp-grid1-responsive ultp-block-column-4 1 1 ultp-layout1\"><div class=\"ultp-block-item post-id-37705\"><div class=\"ultp-block-content-wrap\"><div class=\"ultp-block-image ultp-block-image-zoomIn\"><a href=\"https:\/\/isocial.cat\/es\/emaus-gizarte-fundazioa-se-convierte-en-la-23a-entidad-miembro-de-isocial\/\" ><img loading=\"lazy\" decoding=\"async\" width=\"600\" height=\"600\"  class=\"ultp-block-image-content\"  alt=\"Imagen que muestra una acci\u00f3n de intervenci\u00f3n comunitaria llevada a cabo por Ema\u00fas. En la fotografia se ve una chica y un chico con un rodete de pintura delante de un muro con grafittis\"  src=\"https:\/\/isocial.cat\/wp-content\/uploads\/2026\/04\/Imagen-que-muestra-una-accion-de-intervencion-comunitaria-llevada-a-cabo-por-Emaus.-En-la-fotografia-se-ve-una-chica-y-un-chico-con-un-rodete-de-pintura-delante-de-un-muro-con-grafittis-600x600.png\" \/><\/a><\/div><div class=\"ultp-block-content\"><div class=\"ultp-category-grid ultp-category-classic ultp-category-aboveTitle\"><div class=\"ultp-category-in\"><a class=\"ultp-cat-destacados-home\" href=\"https:\/\/isocial.cat\/es\/category\/destacados-home\/\"  >Destacados Home<\/a><a class=\"ultp-cat-noticias\" href=\"https:\/\/isocial.cat\/es\/category\/publicaciones\/noticias\/\"  >Noticias<\/a><\/div><\/div><h4 class=\"ultp-block-title \"><a href=\"https:\/\/isocial.cat\/es\/emaus-gizarte-fundazioa-se-convierte-en-la-23a-entidad-miembro-de-isocial\/\" >Emaus Gizarte Fundazioa se convierte en la 23\u00aa entidad miembro de iSocial<\/a><\/h4><div class=\"ultp-block-excerpt\">Emaus Gizarte Fundazioa, referente en transformaci\u00f3n comunitaria y econom\u00eda circular en el Pa\u00eds Vasco, se ha incorporado a la Fundaci\u00f3n iSocial como 23\u00aa entidad miembro. Con esta adhesi\u00f3n, la red de iSocial sigue creciendo y refuerza su compromiso con la innovaci\u00f3n social y el trabajo colectivo.<\/div><\/div><\/div><\/div><div class=\"ultp-block-item post-id-36574\"><div class=\"ultp-block-content-wrap\"><div class=\"ultp-block-image ultp-block-image-zoomIn\"><a href=\"https:\/\/isocial.cat\/es\/rapnic-recibe-el-2o-premio-del-concurso-aina-inteligencia-territorial\/\" ><img loading=\"lazy\" decoding=\"async\" width=\"600\" height=\"600\"  class=\"ultp-block-image-content\"  alt=\"Aplicaci\u00f3n de IA de reconocimiento de voz\"  src=\"https:\/\/isocial.cat\/wp-content\/uploads\/2026\/03\/rapnic-600x600.png\" \/><\/a><\/div><div class=\"ultp-block-content\"><div class=\"ultp-category-grid ultp-category-classic ultp-category-aboveTitle\"><div class=\"ultp-category-in\"><a class=\"ultp-cat-destacados-home\" href=\"https:\/\/isocial.cat\/es\/category\/destacados-home\/\"  >Destacados Home<\/a><a class=\"ultp-cat-noticias\" href=\"https:\/\/isocial.cat\/es\/category\/publicaciones\/noticias\/\"  >Noticias<\/a><a class=\"ultp-cat-publicaciones\" href=\"https:\/\/isocial.cat\/es\/category\/publicaciones\/\"  >Publicaciones<\/a><\/div><\/div><h4 class=\"ultp-block-title \"><a href=\"https:\/\/isocial.cat\/es\/rapnic-recibe-el-2o-premio-del-concurso-aina-inteligencia-territorial\/\" >RAPNIC recibe el 2\u00ba premio del concurso AINA \u201cInteligencia Territorial\u201d<\/a><\/h4><div class=\"ultp-block-excerpt\">RAPNIC ha sido reconocido en la categor\u00eda \u201cInteligencia Artificial para reducir las brechas digitales\u201d del concurso AINA \u201cInteligencia Territorial\u201d, que impulsa soluciones en catal\u00e1n para mejorar la accesibilidad y la inclusi\u00f3n digital.<\/div><\/div><\/div><\/div><div class=\"ultp-block-item post-id-36436\"><div class=\"ultp-block-content-wrap\"><div class=\"ultp-block-image ultp-block-image-zoomIn\"><a href=\"https:\/\/isocial.cat\/es\/presentamos-los-resultados-del-proyecto-vincles-alt-pirineu-aran-en-el-periodo-2023-2025-en-un-acto-en-sort\/\" ><img loading=\"lazy\" decoding=\"async\" width=\"600\" height=\"600\"  class=\"ultp-block-image-content\"  alt=\"Cartelleria de l&#039;acte de presentaci\u00f3 de resultats del projecte Vincles 2023-2026\"  src=\"https:\/\/isocial.cat\/wp-content\/uploads\/2026\/03\/Noticia-Resultats-Vincles-min-600x600.png\" \/><\/a><\/div><div class=\"ultp-block-content\"><div class=\"ultp-category-grid ultp-category-classic ultp-category-aboveTitle\"><div class=\"ultp-category-in\"><a class=\"ultp-cat-destacados-home\" href=\"https:\/\/isocial.cat\/es\/category\/destacados-home\/\"  >Destacados Home<\/a><a class=\"ultp-cat-noticias\" href=\"https:\/\/isocial.cat\/es\/category\/publicaciones\/noticias\/\"  >Noticias<\/a><\/div><\/div><h4 class=\"ultp-block-title \"><a href=\"https:\/\/isocial.cat\/es\/presentamos-los-resultados-del-proyecto-vincles-alt-pirineu-aran-en-el-periodo-2023-2025-en-un-acto-en-sort\/\" >Presentamos los resultados del proyecto Vincles Alt Pirineu-Aran en el per\u00edodo 2023-2025 en un acto en Sort<\/a><\/h4><div class=\"ultp-block-excerpt\">El 5 de marzo realizamos en Sort (Pallars Sobir\u00e0) el acto de presentaci\u00f3n de resultados del proyecto Vincles durante el per\u00edodo 2023-2025, donde se puso de manifiesto el \u00e9xito y la necesidad de continuidad del programa.<\/div><\/div><\/div><\/div><div class=\"ultp-block-item post-id-36299\"><div class=\"ultp-block-content-wrap\"><div class=\"ultp-block-image ultp-block-image-zoomIn\"><a href=\"https:\/\/isocial.cat\/es\/isocial-y-somos-conexion-suman-esfuerzos-para-impulsar-el-conocimiento-y-la-tecnologia-social\/\" ><img loading=\"lazy\" decoding=\"async\" width=\"600\" height=\"600\"  class=\"ultp-block-image-content\"  alt=\"Noticia Somos Conexi\u00f3n\"  src=\"https:\/\/isocial.cat\/wp-content\/uploads\/2026\/02\/Noticia-Somos-Conexion-600x600.png\" \/><\/a><\/div><div class=\"ultp-block-content\"><div class=\"ultp-category-grid ultp-category-classic ultp-category-aboveTitle\"><div class=\"ultp-category-in\"><a class=\"ultp-cat-destacados-home\" href=\"https:\/\/isocial.cat\/es\/category\/destacados-home\/\"  >Destacados Home<\/a><a class=\"ultp-cat-noticias\" href=\"https:\/\/isocial.cat\/es\/category\/publicaciones\/noticias\/\"  >Noticias<\/a><a class=\"ultp-cat-publicaciones\" href=\"https:\/\/isocial.cat\/es\/category\/publicaciones\/\"  >Publicaciones<\/a><\/div><\/div><h4 class=\"ultp-block-title \"><a href=\"https:\/\/isocial.cat\/es\/isocial-y-somos-conexion-suman-esfuerzos-para-impulsar-el-conocimiento-y-la-tecnologia-social\/\" >iSocial y Somos Conexi\u00f3n suman esfuerzos para impulsar el conocimiento y la tecnolog\u00eda social<\/a><\/h4><div class=\"ultp-block-excerpt\">La cooperativa Somos Conexi\u00f3n patrocinar\u00e1 tres de los Innobreaks que realizaremos durante el 2026. Las sesiones pondr\u00e1n el foco en el uso consciente e inclusivo de la tecnolog\u00eda en el \u00e1mbito social, y permitir\u00e1n acercar al sector iniciativas innovadoras que abordan retos digitales emergentes.<\/div><\/div><\/div><\/div><div class=\"ultp-block-item post-id-35313\"><div class=\"ultp-block-content-wrap\"><div class=\"ultp-block-image ultp-block-image-zoomIn\"><a href=\"https:\/\/isocial.cat\/es\/la-fundacion-isocial-y-graustic-otorgan-el-premio-a-la-integracion-social-a-traves-de-la-digitalizacion-a-la-app-dinder-club\/\" ><img loading=\"lazy\" decoding=\"async\" width=\"600\" height=\"600\"  class=\"ultp-block-image-content\"  alt=\"Fotografia de grup despr\u00e9s de l&#039;entrega del premi a la Integraci\u00f3 Social a trav\u00e9s de la tecnologia, categoria dels premis d&#039;Innovaci\u00f3 Social de Catalunya GrausTIC patrocinada per iSocial\"  src=\"https:\/\/isocial.cat\/wp-content\/uploads\/2025\/11\/Fotografia-de-grup-despres-de-lentrega-del-premi-a-la-Integracio-Social-a-traves-de-la-tecnologia-categoria-dels-premis-dInnovacio-Social-de-Catalunya-GrausTIC-patrocinada-per-iSocial-600x600.png\" \/><\/a><\/div><div class=\"ultp-block-content\"><div class=\"ultp-category-grid ultp-category-classic ultp-category-aboveTitle\"><div class=\"ultp-category-in\"><a class=\"ultp-cat-destacados-home\" href=\"https:\/\/isocial.cat\/es\/category\/destacados-home\/\"  >Destacados Home<\/a><a class=\"ultp-cat-noticias\" href=\"https:\/\/isocial.cat\/es\/category\/publicaciones\/noticias\/\"  >Noticias<\/a><\/div><\/div><h4 class=\"ultp-block-title \"><a href=\"https:\/\/isocial.cat\/es\/la-fundacion-isocial-y-graustic-otorgan-el-premio-a-la-integracion-social-a-traves-de-la-digitalizacion-a-la-app-dinder-club\/\" >La Fundaci\u00f3n iSocial y GrausTIC otorgan el Premio a la Integraci\u00f3n Social a trav\u00e9s de la Digitalizaci\u00f3n a la app Dinder Club<\/a><\/h4><div class=\"ultp-block-excerpt\">Con este premio, la Fundaci\u00f3n iSocial quiere reconocer la labor de Dinder Club, la primera aplicaci\u00f3n de citas y planes de ocio para personas con discapacidad intelectual. Esta iniciativa pionera apuesta por la inclusi\u00f3n social a trav\u00e9s de la tecnolog\u00eda, ofreciendo un entorno seguro y accesible para facilitar relaciones personales y actividades grupales.<\/div><\/div><\/div><\/div><div class=\"ultp-block-item post-id-35222\"><div class=\"ultp-block-content-wrap\"><div class=\"ultp-block-image ultp-block-image-zoomIn\"><a href=\"https:\/\/isocial.cat\/es\/la-red-rehab-lab-reconocida-por-plena-inclusion-como-practica-con-impacto\/\" ><img loading=\"lazy\" decoding=\"async\" width=\"600\" height=\"600\"  class=\"ultp-block-image-content\"  alt=\"Rehab Lab rep guard\u00f3 Pr\u00e1cticas con Impacto. Toni Codina, de la Fundaci\u00f3 iSocial, i Joel Costa, d&#039;Ampans, recullen el premi min\"  src=\"https:\/\/isocial.cat\/wp-content\/uploads\/2025\/11\/Rehab-Lab-rep-guardo-Practicas-con-Impacto.-Toni-Codina-de-la-Fundacio-iSocial-i-Joel-Costa-dAmpans-recullen-el-premi-min-600x600.png\" \/><\/a><\/div><div class=\"ultp-block-content\"><div class=\"ultp-category-grid ultp-category-classic ultp-category-aboveTitle\"><div class=\"ultp-category-in\"><a class=\"ultp-cat-destacados-home\" href=\"https:\/\/isocial.cat\/es\/category\/destacados-home\/\"  >Destacados Home<\/a><a class=\"ultp-cat-noticias\" href=\"https:\/\/isocial.cat\/es\/category\/publicaciones\/noticias\/\"  >Noticias<\/a><\/div><\/div><h4 class=\"ultp-block-title \"><a href=\"https:\/\/isocial.cat\/es\/la-red-rehab-lab-reconocida-por-plena-inclusion-como-practica-con-impacto\/\" >La Red Rehab-Lab, reconocida por Plena Inclusi\u00f3n como \u201cPr\u00e1ctica con Impacto\u201d<\/a><\/h4><div class=\"ultp-block-excerpt\">La Fundaci\u00f3 iSocial particip\u00f3 en el encuentro estatal \u201cPr\u00e1cticas con Impacto\u201d organizado por Plena Inclusi\u00f3n en Sevilla, donde presentamos la Red Rehab-Lab ante m\u00e1s de 500 profesionales y entidades del sector de la discapacidad intelectual<\/div><\/div><\/div><\/div><\/div><div class=\"ultp-pagination-wrap ultp-pagination-ajax-action\" data-paged=\"1\" data-expost=\"\"  data-blockid=\"8dac1c\" data-postid=\"3988\" data-pages=\"24\" data-blockname=\"ultimate-post_post-grid-1\" data-selfpostid=\"no\"><ul class=\"ultp-pagination\"><li class=\"ultp-prev-page-numbers\" style=\"display:none\"><a href=\"https:\/\/isocial.cat\/es\/wp-json\/wp\/v2\/posts\/3988\/\"><svg xmlns=\"http:\/\/www.w3.org\/2000\/svg\" fill=\"none\" viewBox=\"0 0 24 24\">\n  <path stroke=\"currentColor\" stroke-linecap=\"round\" stroke-linejoin=\"round\" stroke-width=\"1.5\" d=\"m15 18-6-6 6-6\"\/>\n<\/svg>\n <\/a><\/li><li class=\"ultp-first-pages\" style=\"display:none\" data-current=\"1\"><a href=\"https:\/\/isocial.cat\/es\/wp-json\/wp\/v2\/posts\/3988\/\">1<\/a><\/li><li class=\"ultp-first-dot\"style=\"display:none\"><a href=\"#\">&#8230;<\/a><\/li><li class=\"ultp-center-item pagination-active\" data-current=\"1\"><a href=\"https:\/\/isocial.cat\/es\/wp-json\/wp\/v2\/posts\/3988\/\">1<\/a><\/li><li class=\"ultp-center-item\" data-current=\"2\" ><a href=\"https:\/\/isocial.cat\/es\/wp-json\/wp\/v2\/posts\/3988\/page\/2\/\">2<\/a><\/li><li class=\"ultp-center-item\" data-current=\"3\" ><a href=\"https:\/\/isocial.cat\/es\/wp-json\/wp\/v2\/posts\/3988\/page\/3\/\">3<\/a><\/li><li class=\"ultp-last-dot\" ><a href=\"#\">&#8230;<\/a><\/li><li class=\"ultp-last-pages\" data-current=\"24\"><a href=\"https:\/\/isocial.cat\/es\/wp-json\/wp\/v2\/posts\/3988\/page\/24\/\">24<\/a><\/li><li class=\"ultp-next-page-numbers\"><a href=\"https:\/\/isocial.cat\/es\/wp-json\/wp\/v2\/posts\/3988\/page\/2\/\"><svg xmlns=\"http:\/\/www.w3.org\/2000\/svg\" fill=\"none\" viewBox=\"0 0 24 24\">\n  <path stroke=\"currentColor\" stroke-linecap=\"round\" stroke-linejoin=\"round\" stroke-width=\"1.5\" d=\"m9 18 6-6-6-6\"\/>\n<\/svg>\n<\/a><\/li><\/ul><\/div><\/div><div class=\"pagination-block-html\" aria-hidden=\"true\" style=\"display: none;\"><\/div><\/div>\n\n\n<div class=\"wp-block-genesis-blocks-gb-columns footer-newsletter gb-layout-columns-1 one-column alignfull\"><div class=\"gb-layout-column-wrap gb-block-layout-column-gap-2 gb-is-responsive-column\">\n<div class=\"wp-block-genesis-blocks-gb-column gb-block-layout-column\"><div class=\"gb-block-layout-column-inner\">\n<div class=\"wp-block-genesis-blocks-gb-columns container gb-layout-columns-1 one-column\"><div class=\"gb-layout-column-wrap gb-block-layout-column-gap-2 gb-is-responsive-column\">\n<div class=\"wp-block-genesis-blocks-gb-column gb-block-layout-column\"><div class=\"gb-block-layout-column-inner\"><style>.wp-block-kadence-advancedheading.kt-adv-heading_4d2423-9c, .wp-block-kadence-advancedheading.kt-adv-heading_4d2423-9c[data-kb-block=\"kb-adv-heading_4d2423-9c\"]{font-style:normal;}.wp-block-kadence-advancedheading.kt-adv-heading_4d2423-9c mark.kt-highlight, .wp-block-kadence-advancedheading.kt-adv-heading_4d2423-9c[data-kb-block=\"kb-adv-heading_4d2423-9c\"] mark.kt-highlight{font-style:normal;color:#f76a0c;-webkit-box-decoration-break:clone;box-decoration-break:clone;padding-top:0px;padding-right:0px;padding-bottom:0px;padding-left:0px;}.wp-block-kadence-advancedheading.kt-adv-heading_4d2423-9c img.kb-inline-image, .wp-block-kadence-advancedheading.kt-adv-heading_4d2423-9c[data-kb-block=\"kb-adv-heading_4d2423-9c\"] img.kb-inline-image{width:150px;vertical-align:baseline;}<\/style>\n<h3 class=\"kt-adv-heading_4d2423-9c titol-seccio wp-block-kadence-advancedheading\" data-kb-block=\"kb-adv-heading_4d2423-9c\">Newsletter<\/h3>\n\n\n<style>.wp-block-kadence-advancedheading.kt-adv-heading_cf2667-29, .wp-block-kadence-advancedheading.kt-adv-heading_cf2667-29[data-kb-block=\"kb-adv-heading_cf2667-29\"]{font-style:normal;}.wp-block-kadence-advancedheading.kt-adv-heading_cf2667-29 mark.kt-highlight, .wp-block-kadence-advancedheading.kt-adv-heading_cf2667-29[data-kb-block=\"kb-adv-heading_cf2667-29\"] mark.kt-highlight{font-style:normal;color:#f76a0c;-webkit-box-decoration-break:clone;box-decoration-break:clone;padding-top:0px;padding-right:0px;padding-bottom:0px;padding-left:0px;}.wp-block-kadence-advancedheading.kt-adv-heading_cf2667-29 img.kb-inline-image, .wp-block-kadence-advancedheading.kt-adv-heading_cf2667-29[data-kb-block=\"kb-adv-heading_cf2667-29\"] img.kb-inline-image{width:150px;vertical-align:baseline;}<\/style>\n<h4 class=\"kt-adv-heading_cf2667-29 wp-block-kadence-advancedheading\" data-kb-block=\"kb-adv-heading_cf2667-29\">Suscr\u00edbete si quieres estar informado en todas las tendencias de innovaci\u00f3n en servicios sociales.<\/h4>\n\n\n<\/div><\/div>\n<\/div><\/div>\n<\/div><\/div>\n<\/div><\/div>\n","protected":false},"excerpt":{"rendered":"<p>El Palau Macaya de Barcelona ha acogido el 19 de noviembre el 3er debate del Ciclo \u00abBig Data y Servicios Sociales\u00bb de la Fundaci\u00f3n iSocial, en que cuatro expertos han reflexionado sobre las oportunidades y los l\u00edmites de introducir sistemas predictivos y procesos de automatizaci\u00f3n en el sector de los Servicios Sociales. El debate ha sido conducido por el profesor de ciencia de datos de la Universitat Oberta de Catalunya (UOC), Jordi Conesa.<\/p>\n","protected":false},"author":1,"featured_media":2884,"comment_status":"closed","ping_status":"closed","sticky":false,"template":"","format":"standard","meta":{"_acf_changed":false,"inline_featured_image":false,"_kad_blocks_custom_css":"","_kad_blocks_head_custom_js":"","_kad_blocks_body_custom_js":"","_kad_blocks_footer_custom_js":"","footnotes":""},"categories":[208,102],"tags":[],"class_list":{"0":"post-3988","1":"post","2":"type-post","3":"status-publish","4":"format-standard","5":"has-post-thumbnail","6":"hentry","7":"category-noticias","8":"category-publicaciones","10":"with-featured-image"},"acf":[],"taxonomy_info":{"category":[{"value":208,"label":"Noticias"},{"value":102,"label":"Publicaciones"}]},"featured_image_src_large":["https:\/\/isocial.cat\/wp-content\/uploads\/2022\/03\/Albert-1024x715.jpg",1024,715,true],"author_info":{"display_name":"admin","author_link":"https:\/\/isocial.cat\/es\/author\/ideadmin\/"},"comment_info":0,"category_info":[{"term_id":208,"name":"Noticias","slug":"noticias","term_group":0,"term_taxonomy_id":208,"taxonomy":"category","description":"","parent":102,"count":141,"filter":"raw","term_order":"0","cat_ID":208,"category_count":141,"category_description":"","cat_name":"Noticias","category_nicename":"noticias","category_parent":102},{"term_id":102,"name":"Publicaciones","slug":"publicaciones","term_group":0,"term_taxonomy_id":102,"taxonomy":"category","description":"","parent":0,"count":145,"filter":"raw","term_order":"0","cat_ID":102,"category_count":145,"category_description":"","cat_name":"Publicaciones","category_nicename":"publicaciones","category_parent":0}],"tag_info":false,"featured_image_src":"https:\/\/isocial.cat\/wp-content\/uploads\/2022\/03\/Albert-600x400.jpg","featured_image_src_square":"https:\/\/isocial.cat\/wp-content\/uploads\/2022\/03\/Albert-600x600.jpg","_links":{"self":[{"href":"https:\/\/isocial.cat\/es\/wp-json\/wp\/v2\/posts\/3988","targetHints":{"allow":["GET"]}}],"collection":[{"href":"https:\/\/isocial.cat\/es\/wp-json\/wp\/v2\/posts"}],"about":[{"href":"https:\/\/isocial.cat\/es\/wp-json\/wp\/v2\/types\/post"}],"author":[{"embeddable":true,"href":"https:\/\/isocial.cat\/es\/wp-json\/wp\/v2\/users\/1"}],"replies":[{"embeddable":true,"href":"https:\/\/isocial.cat\/es\/wp-json\/wp\/v2\/comments?post=3988"}],"version-history":[{"count":1,"href":"https:\/\/isocial.cat\/es\/wp-json\/wp\/v2\/posts\/3988\/revisions"}],"predecessor-version":[{"id":3990,"href":"https:\/\/isocial.cat\/es\/wp-json\/wp\/v2\/posts\/3988\/revisions\/3990"}],"wp:featuredmedia":[{"embeddable":true,"href":"https:\/\/isocial.cat\/es\/wp-json\/wp\/v2\/media\/2884"}],"wp:attachment":[{"href":"https:\/\/isocial.cat\/es\/wp-json\/wp\/v2\/media?parent=3988"}],"wp:term":[{"taxonomy":"category","embeddable":true,"href":"https:\/\/isocial.cat\/es\/wp-json\/wp\/v2\/categories?post=3988"},{"taxonomy":"post_tag","embeddable":true,"href":"https:\/\/isocial.cat\/es\/wp-json\/wp\/v2\/tags?post=3988"}],"curies":[{"name":"wp","href":"https:\/\/api.w.org\/{rel}","templated":true}]}}