{"id":23991,"date":"2024-03-20T11:13:56","date_gmt":"2024-03-20T10:13:56","guid":{"rendered":"https:\/\/isocial.cat\/2o-innotrip-a-escocia\/"},"modified":"2024-07-18T10:57:49","modified_gmt":"2024-07-18T08:57:49","slug":"2o-innotrip-a-escocia","status":"publish","type":"post","link":"https:\/\/isocial.cat\/eu\/2o-innotrip-a-escocia\/","title":{"rendered":"2\u00ba InnoTrip a Escocia"},"content":{"rendered":"\n<div class=\"wp-block-genesis-blocks-gb-container alignfull header--3 subhome--1 recerca gb-block-container\"><div class=\"gb-container-inside\"><div class=\"gb-container-content\">\n<div class=\"wp-block-genesis-blocks-gb-container container gb-block-container\"><div class=\"gb-container-inside\"><div class=\"gb-container-content\">\n<span class=\"parent--link separador animated fadeInUp slow\"><a href=\"https:\/\/isocial.cat\/eu\/ezagutza\/\" data-type=\"page\" data-id=\"25\">Ezagutza<\/a> <a href=\"https:\/\/isocial.cat\/eu\/innotrips\/\" data-type=\"page\" data-id=\"33\">InnoTrips<\/a><\/span>\n\n\n<h1 class=\"animated fadeInUp delay-200ms slow wp-block-post-title\">2\u00ba InnoTrip a Escocia<\/h1>\n\n<\/div><\/div><\/div>\n<\/div><\/div><\/div>\n\n\n\n<div class=\"wp-block-genesis-blocks-gb-container container--2 subhome gb-block-container\"><div class=\"gb-container-inside\"><div class=\"gb-container-content\">\n<div class=\"wp-block-genesis-blocks-gb-columns fila post animated fadeInUp slow gb-layout-columns-3 gb-3-col-widecenter\"><div class=\"gb-layout-column-wrap gb-block-layout-column-gap-0 gb-is-responsive-column\">\n<div class=\"wp-block-genesis-blocks-gb-column gb-block-layout-column\"><div class=\"gb-block-layout-column-inner\">\n<p><\/p>\n<\/div><\/div>\n\n\n\n<div class=\"wp-block-genesis-blocks-gb-column gb-block-layout-column\"><div class=\"gb-block-layout-column-inner\"><figure class=\"img-destacada wp-block-post-featured-image\"><img loading=\"lazy\" decoding=\"async\" width=\"1200\" height=\"630\" src=\"https:\/\/isocial.cat\/wp-content\/uploads\/2024\/03\/Innotrip-Escocia.png\" class=\"attachment-post-thumbnail size-post-thumbnail wp-post-image\" alt=\"\" style=\"object-fit:cover;\" srcset=\"https:\/\/isocial.cat\/wp-content\/uploads\/2024\/03\/Innotrip-Escocia.png 1200w, https:\/\/isocial.cat\/wp-content\/uploads\/2024\/03\/Innotrip-Escocia-500x263.png 500w, https:\/\/isocial.cat\/wp-content\/uploads\/2024\/03\/Innotrip-Escocia-800x420.png 800w, https:\/\/isocial.cat\/wp-content\/uploads\/2024\/03\/Innotrip-Escocia-300x158.png 300w, https:\/\/isocial.cat\/wp-content\/uploads\/2024\/03\/Innotrip-Escocia-400x210.png 400w\" sizes=\"auto, (max-width: 1200px) 100vw, 1200px\" \/><\/figure>\n\n\n\n\n<div class=\"wp-block-genesis-blocks-gb-container contingut-post gb-block-container\"><div class=\"gb-container-inside\"><div class=\"gb-container-content\">\n<p class=\"lead-text has-large-font-size\">Del 20 al 23 de mayo de 2024, tuvo lugar el 2\u00ba InnoTrip de la Fundaci\u00f3n iSocial, en esta ocasi\u00f3n a Escocia,con el apoyo del Departamento de Acci\u00f3n Exterior y Gobierno Aiberto de la Generalitat de Catalunya. Durante tres d\u00edas, una treintena de representantes de las entidades miembros de iSocial visitaron 10 iniciativas escocesas innovadoras en el campo de la acci\u00f3n social<\/p>\n\n\n\n<p>El <strong>InnoTrip<\/strong> es un servicio de la <strong>Fundaci\u00f3n iSocial <\/strong>dirigido a sus entidades miembros que consiste en realizar una visita de estudios internacional a fin de fomentar la innovaci\u00f3n a trav\u00e9s del descubrimiento in situ de experiencias punteras en el campo de la acci\u00f3n social. En su edici\u00f3n de 2024, el InnoTrip tuvo lugar entre el 20 y el 23 de mayo a Escocia.<\/p>\n\n\n\n<p>El programa de actividades de esta edici\u00f3n incluy\u00f3 el descubrimiento de organizaciones y proyectos de car\u00e1cter innovador a trav\u00e9s de visitas de diferente formato a entidades no lucrativas, empresas sociales y organismos de la administraci\u00f3n p\u00fablica escocesa. Entre otros numerosos beneficios, los participantes del InnoTrip pudieron <strong>descubrir nuevas maneras de hacer frente a problem\u00e1ticas sociales comunes<\/strong>, crear potenciales sinergias de car\u00e1cter internacional, y reforzar de las relaciones con la resta de entidades miembros de iSocial.<\/p>\n\n\n\n<p><strong>El sistema escoc\u00e9s de servicios sociales y de cuidados es internacionalmente reconocido<\/strong> por promover la implementaci\u00f3n de diferentes modelos e iniciativas de car\u00e1cter innovador. <strong>La integraci\u00f3n de la atenci\u00f3n sanitaria y social<\/strong>, <strong>el modelo de apoyo autodirigitdo<\/strong>, <strong>la construcci\u00f3n comunitaria <\/strong>o los <strong>enfoques preventivos <\/strong>son algunos ejemplos de ello.<\/p>\n\n\n\n<p>Adem\u00e1s, las organizaciones miembros de iSocial identificaron y mostraron inter\u00e9s en descubrir organizaciones e iniciativas concretas del ecosistema social escoc\u00e9s, con un enfoque especial en \u00e1reas como la vivienda social, el desarrollo comunitario, el apoyo a la vida independiente o la inclusi\u00f3n sociolaboral.<\/p>\n\n\n<div  class=\"wp-block-ultimate-post-heading ultp-block-a23361\"><div class=\"ultp-block-wrapper\"><div class=\"ultp-heading-wrap ultp-heading-style9 ultp-heading-left\"><h2 class=\"ultp-heading-inner\"><span>Programa de la visita<br><\/span><\/h2><\/div><\/div><\/div>\n\n\n<ul class=\"wp-block-list\">\n<li><strong><a href=\"https:\/\/www.gov.scot\/\" target=\"_blank\" rel=\"noopener\">Gobierno<\/a> <a href=\"https:\/\/www.gov.scot\/\" target=\"_blank\" rel=\"noreferrer noopener\">escoc\u00e9s<\/a><\/strong> y <strong><a href=\"https:\/\/www.scottish-enterprise.com\/\" target=\"_blank\" rel=\"noreferrer noopener\">Scottish Enterprise<\/a><\/strong>: Introducci\u00f3n al contexto escoc\u00e9s, modelode integraci\u00f3n social y sanitaria, modelo de empresa social.<\/li>\n<\/ul>\n\n\n\n<ul class=\"wp-block-list\">\n<li><strong><a href=\"\" target=\"_blank\" rel=\"noreferrer noopener\">Quarriers: <\/a><\/strong>Modelo de apoyo autodirigido y uso de herramientas digitales para el apoyo a la vida independiente.<\/li>\n<\/ul>\n\n\n\n<ul class=\"wp-block-list\">\n<li><strong><a href=\"https:\/\/www.simonscotland.org\/\" data-type=\"link\" data-id=\"https:\/\/www.simonscotland.org\/\" target=\"_blank\" rel=\"noreferrer noopener\">Simon Community<\/a>:<\/strong> <a href=\"https:\/\/isocial.cat\/eu\/the-access-hub-centre-de-suport-multi-institucional-per-a-persones-sense-llar\/\" target=\"_blank\" rel=\"noreferrer noopener\">Access Hub<\/a> (centro de asesoramiento y apoyo multiinstitucional para personas sin hogar y\/o en riesgo de exclusi\u00f3n social), herramientas digitales y modelo Housing First.<\/li>\n<\/ul>\n\n\n\n<ul class=\"wp-block-list\">\n<li><strong><a href=\"\" target=\"_blank\" rel=\"noreferrer noopener\">Aberlour<\/a>:<\/strong> Servicios integrados de atenci\u00f3n sanitaria y social y modelo de apoyo familiar intensivo.<\/li>\n<\/ul>\n\n\n\n<ul class=\"wp-block-list\">\n<li><strong><a href=\"https:\/\/www.penumbra.org.uk\/\" target=\"_blank\" rel=\"noreferrer noopener\">Penumbra Mental Health<\/a>:<\/strong> Servicios de apoyo a la vida independiente y modelo de apoyo entre iguales.<\/li>\n<\/ul>\n\n\n\n<ul class=\"wp-block-list\">\n<li><strong><a href=\"https:\/\/www.social-bite.co.uk\/\" target=\"_blank\" rel=\"noreferrer noopener\">Social Bite<\/a>:<\/strong> Modelo de empresa social y recursos de concienciaci\u00f3n social.<\/li>\n<\/ul>\n\n\n\n<ul class=\"wp-block-list\">\n<li><strong><a href=\"https:\/\/www.kibble.org\/\" target=\"_blank\" rel=\"noreferrer noopener\">Kibble<\/a>:<\/strong> Enfoque de atenci\u00f3n integral (vivienda, formaci\u00f3n y ocupaci\u00f3n) y modelo de empresa social.<\/li>\n<\/ul>\n\n\n\n<ul class=\"wp-block-list\">\n<li><strong><a href=\"https:\/\/homesforgood.org.uk\/\" target=\"_blank\" rel=\"noreferrer noopener\">Homes For Good<\/a>:<\/strong>Viviendas a trav\u00e9s de alquileres asequibles. Adquisici\u00f3n de inmuebles y apoyo a inquilinos.<\/li>\n<\/ul>\n\n\n\n<ul class=\"wp-block-list\">\n<li><strong><a href=\"https:\/\/www.blackwoodgroup.org.uk\/\" target=\"_blank\" rel=\"noreferrer noopener\">Blackwood Homes and Care<\/a>:<\/strong> Innovaci\u00f3n y uso de herramientas digitales a residencias y viviendas con apoyo.<\/li>\n<\/ul>\n\n\n\n<ul class=\"wp-block-list\">\n<li><strong><a href=\"https:\/\/www.socialandsustainable.com\/\" target=\"_blank\" rel=\"noreferrer noopener\">Social and Sustainable Capital (SASC)<\/a>:<\/strong> Fondos de Inversiones Comunitarias y el Fondo de Inversiones del Tercer Sector.<\/li>\n<\/ul>\n\n\n\n<p><\/p>\n<\/div><\/div><\/div>\n<\/div><\/div>\n\n\n\n<div class=\"wp-block-genesis-blocks-gb-column gb-block-layout-column\"><div class=\"gb-block-layout-column-inner\">\n<p><\/p>\n<\/div><\/div>\n<\/div><\/div>\n\n\n\n\n\n<div class=\"wp-block-genesis-blocks-gb-columns post logos-colaboradors animated fadeInUp slow gb-layout-columns-3 gb-3-col-widecenter\"><div class=\"gb-layout-column-wrap gb-block-layout-column-gap-0 gb-is-responsive-column\">\n<div class=\"wp-block-genesis-blocks-gb-column gb-block-layout-column\"><div class=\"gb-block-layout-column-inner\">\n<p><\/p>\n<\/div><\/div>\n\n\n\n<div class=\"wp-block-genesis-blocks-gb-column gb-block-layout-column\"><div class=\"gb-block-layout-column-inner\">\n<p class=\"etiqueta\">Con el apoyo de<\/p>\n\n\n<style>.kb-row-layout-id22737_19f410-46 > .kt-row-column-wrap{align-content:start;}:where(.kb-row-layout-id22737_19f410-46 > .kt-row-column-wrap) > .wp-block-kadence-column{justify-content:start;}.kb-row-layout-id22737_19f410-46 > .kt-row-column-wrap{column-gap:var(--global-kb-gap-md, 2rem);row-gap:var(--global-kb-gap-md, 2rem);padding-top:var(--global-kb-spacing-sm, 1.5rem);padding-bottom:var(--global-kb-spacing-sm, 1.5rem);}.kb-row-layout-id22737_19f410-46 > .kt-row-column-wrap > div:not(.added-for-specificity){grid-column:initial;}.kb-row-layout-id22737_19f410-46 > .kt-row-column-wrap{grid-template-columns:repeat(4, minmax(0, 1fr));}.kb-row-layout-id22737_19f410-46 > .kt-row-layout-overlay{opacity:0.30;}@media all and (max-width: 1024px){.kb-row-layout-id22737_19f410-46 > .kt-row-column-wrap > div:not(.added-for-specificity){grid-column:initial;}}@media all and (max-width: 1024px){.kb-row-layout-id22737_19f410-46 > .kt-row-column-wrap{grid-template-columns:repeat(4, minmax(0, 1fr));}}@media all and (max-width: 767px){.kb-row-layout-id22737_19f410-46 > .kt-row-column-wrap > div:not(.added-for-specificity){grid-column:initial;}.kb-row-layout-id22737_19f410-46 > .kt-row-column-wrap{grid-template-columns:minmax(0, 1fr);}}<\/style><div class=\"kb-row-layout-wrap kb-row-layout-id22737_19f410-46 alignnone fila-logos wp-block-kadence-rowlayout\"><div class=\"kt-row-column-wrap kt-has-4-columns kt-row-layout-equal kt-tab-layout-inherit kt-mobile-layout-row kt-row-valign-top\">\n<style>.kadence-column22737_d3ff31-21 > .kt-inside-inner-col,.kadence-column22737_d3ff31-21 > .kt-inside-inner-col:before{border-top-left-radius:0px;border-top-right-radius:0px;border-bottom-right-radius:0px;border-bottom-left-radius:0px;}.kadence-column22737_d3ff31-21 > .kt-inside-inner-col{column-gap:var(--global-kb-gap-sm, 1rem);}.kadence-column22737_d3ff31-21 > .kt-inside-inner-col{flex-direction:column;}.kadence-column22737_d3ff31-21 > .kt-inside-inner-col > .aligncenter{width:100%;}.kadence-column22737_d3ff31-21 > .kt-inside-inner-col:before{opacity:0.3;}.kadence-column22737_d3ff31-21{text-align:left;}.kadence-column22737_d3ff31-21{position:relative;}@media all and (max-width: 1024px){.kadence-column22737_d3ff31-21 > .kt-inside-inner-col{flex-direction:column;justify-content:center;}}@media all and (max-width: 767px){.kadence-column22737_d3ff31-21 > .kt-inside-inner-col{flex-direction:column;justify-content:center;}}<\/style>\n<div class=\"wp-block-kadence-column kadence-column22737_d3ff31-21 inner-column-3\"><div class=\"kt-inside-inner-col\">\n<figure class=\"wp-block-image size-full\"><img loading=\"lazy\" decoding=\"async\" width=\"586\" height=\"194\" src=\"https:\/\/isocial.cat\/wp-content\/uploads\/2023\/03\/generalitat-catalunya-secretaria-accio-exterior.png\" alt=\"Generalitat de Catalunya. Secretaria d'Acci\u00f3 Exterior del Govern\" class=\"wp-image-12645\" srcset=\"https:\/\/isocial.cat\/wp-content\/uploads\/2023\/03\/generalitat-catalunya-secretaria-accio-exterior.png 586w, https:\/\/isocial.cat\/wp-content\/uploads\/2023\/03\/generalitat-catalunya-secretaria-accio-exterior-400x132.png 400w, https:\/\/isocial.cat\/wp-content\/uploads\/2023\/03\/generalitat-catalunya-secretaria-accio-exterior-300x99.png 300w\" sizes=\"auto, (max-width: 586px) 100vw, 586px\" \/><\/figure>\n<\/div><\/div>\n\n\n\n\n<style>.kadence-column22737_0eccc5-f6 > .kt-inside-inner-col,.kadence-column22737_0eccc5-f6 > .kt-inside-inner-col:before{border-top-left-radius:0px;border-top-right-radius:0px;border-bottom-right-radius:0px;border-bottom-left-radius:0px;}.kadence-column22737_0eccc5-f6 > .kt-inside-inner-col{column-gap:var(--global-kb-gap-sm, 1rem);}.kadence-column22737_0eccc5-f6 > .kt-inside-inner-col{flex-direction:column;}.kadence-column22737_0eccc5-f6 > .kt-inside-inner-col > .aligncenter{width:100%;}.kadence-column22737_0eccc5-f6 > .kt-inside-inner-col:before{opacity:0.3;}.kadence-column22737_0eccc5-f6{position:relative;}@media all and (max-width: 1024px){.kadence-column22737_0eccc5-f6 > .kt-inside-inner-col{flex-direction:column;justify-content:center;}}@media all and (max-width: 767px){.kadence-column22737_0eccc5-f6 > .kt-inside-inner-col{flex-direction:column;justify-content:center;}}<\/style>\n<div class=\"wp-block-kadence-column kadence-column22737_0eccc5-f6 inner-column-3\"><div class=\"kt-inside-inner-col\"><\/div><\/div>\n\n\n<style>.kadence-column22737_db9062-93 > .kt-inside-inner-col,.kadence-column22737_db9062-93 > .kt-inside-inner-col:before{border-top-left-radius:0px;border-top-right-radius:0px;border-bottom-right-radius:0px;border-bottom-left-radius:0px;}.kadence-column22737_db9062-93 > .kt-inside-inner-col{column-gap:var(--global-kb-gap-sm, 1rem);}.kadence-column22737_db9062-93 > .kt-inside-inner-col{flex-direction:column;}.kadence-column22737_db9062-93 > .kt-inside-inner-col > .aligncenter{width:100%;}.kadence-column22737_db9062-93 > .kt-inside-inner-col:before{opacity:0.3;}.kadence-column22737_db9062-93{position:relative;}@media all and (max-width: 1024px){.kadence-column22737_db9062-93 > .kt-inside-inner-col{flex-direction:column;justify-content:center;}}@media all and (max-width: 767px){.kadence-column22737_db9062-93 > .kt-inside-inner-col{flex-direction:column;justify-content:center;}}<\/style>\n<div class=\"wp-block-kadence-column kadence-column22737_db9062-93 inner-column-4\"><div class=\"kt-inside-inner-col\"><\/div><\/div>\n\n<\/div><\/div><\/div><\/div>\n\n\n\n<div class=\"wp-block-genesis-blocks-gb-column gb-block-layout-column\"><div class=\"gb-block-layout-column-inner\">\n<p><\/p>\n<\/div><\/div>\n<\/div><\/div>\n<\/div><\/div><\/div>\n\n\n<div  class=\"ultp-post-grid-block wp-block-ultimate-post-post-grid-1 ultp-block-d7a25a container--2 subhome grid-darrers-projectes animated fadeInUp slow\"><div class=\"ultp-block-wrapper\"><div class=\"ultp-loading\"><div class=\"ultp-loading-spinner\" style=\"width:100%;height:100%\"><div><\/div><div><\/div><div><\/div><div><\/div><div><\/div><div><\/div><div><\/div><div><\/div><div><\/div><div><\/div><div><\/div><div><\/div><\/div><\/div><div class=\"ultp-heading-filter\"><div class=\"ultp-heading-filter-in\"><div class=\"ultp-heading-wrap ultp-heading-style1 ultp-heading-left\"><p class=\"ultp-heading-inner\"><span>InnoTrips<\/span><\/p><\/div><div class=\"ultp-filter-navigation\"><\/div><\/div><\/div><div class=\"ultp-block-items-wrap ultp-block-row ultp-pg1a-style1 ultp-grid1-responsive ultp-block-column-4 1 1 ultp-layout1\"><div class=\"ultp-block-item post-id-33359\"><div class=\"ultp-block-content-wrap\"><div class=\"ultp-block-image ultp-block-image-zoomIn\"><a href=\"https:\/\/isocial.cat\/eu\/3r-innotrip-a-finlandia\/\"><img loading=\"lazy\" decoding=\"async\" width=\"600\" height=\"600\"  class=\"ultp-block-image-content\"  alt=\"Imatge de Helsinki, destinaci\u00f3 del tercer Innotrip,. el 2025\"  src=\"https:\/\/isocial.cat\/wp-content\/uploads\/2025\/06\/Helsinki-600x600.png\" \/><\/a><\/div><div class=\"ultp-block-content\"><h4 class=\"ultp-block-title \"><a href=\"https:\/\/isocial.cat\/eu\/3r-innotrip-a-finlandia\/\">3r Innotrip a Finlandia<\/a><\/h4><div class=\"ultp-block-excerpt\">Una delegaci\u00f3n formada por 27 representantes de entidades miembros de iSocial ha participado en la tercera edici\u00f3n del InnoTrip, viajando a Helsinki para conocer de cerca iniciativas innovadoras en \u00e1mbitos como la vivienda social, la atenci\u00f3n a la infancia, la salud mental, la discapacidad, la inclusi\u00f3n digital o la lucha contra el sinhogarismo.<\/div><\/div><\/div><\/div><div class=\"ultp-block-item post-id-23991\"><div class=\"ultp-block-content-wrap\"><div class=\"ultp-block-image ultp-block-image-zoomIn\"><a href=\"https:\/\/isocial.cat\/eu\/2o-innotrip-a-escocia\/\"><img loading=\"lazy\" decoding=\"async\" width=\"600\" height=\"600\"  class=\"ultp-block-image-content\"  alt=\"2\u00ba InnoTrip a Escocia\"  src=\"https:\/\/isocial.cat\/wp-content\/uploads\/2024\/03\/Innotrip-Escocia-600x600.png\" \/><\/a><\/div><div class=\"ultp-block-content\"><h4 class=\"ultp-block-title \"><a href=\"https:\/\/isocial.cat\/eu\/2o-innotrip-a-escocia\/\">2\u00ba InnoTrip a Escocia<\/a><\/h4><div class=\"ultp-block-excerpt\">El InnoTrip es un servicio dirigido a las entidades miembros de iSocial que consiste en realizar una visita de estudio internacional para fomentar la innovaci\u00f3n. En la edici\u00f3n del 2024, el Innotrip se llevar\u00e1 a cabo en Escocia.<\/div><\/div><\/div><\/div><div class=\"ultp-block-item post-id-13060\"><div class=\"ultp-block-content-wrap\"><div class=\"ultp-block-image ultp-block-image-zoomIn\"><a href=\"https:\/\/isocial.cat\/eu\/1er-innotrip-en-los-paises-bajos\/\"><img loading=\"lazy\" decoding=\"async\" width=\"600\" height=\"600\"  class=\"ultp-block-image-content\"  alt=\"1er InnoTrip en los Pa\u00edses Bajos\"  src=\"https:\/\/isocial.cat\/wp-content\/uploads\/2023\/06\/Foto-grup-complet-600x600.jpeg\" \/><\/a><\/div><div class=\"ultp-block-content\"><h4 class=\"ultp-block-title \"><a href=\"https:\/\/isocial.cat\/eu\/1er-innotrip-en-los-paises-bajos\/\">1er InnoTrip en los Pa\u00edses Bajos<\/a><\/h4><div class=\"ultp-block-excerpt\">Del 23 al 26 de mayo 2023 se ha realizado el 1r InnoTrip de la Fundaci\u00f3n iSocial en los Pa\u00edses Bajos.<\/div><\/div><\/div><\/div><\/div><div class=\"ultp-pagination-wrap ultp-pagination-ajax-action\" data-paged=\"1\" data-expost=\"\"  data-blockid=\"d7a25a\" data-postid=\"22737\" data-pages=\"1\" data-blockname=\"ultimate-post_post-grid-1\" data-selfpostid=\"yes\"><\/div><\/div><div class=\"pagination-block-html\" aria-hidden=\"true\" style=\"display: none;\"><\/div><\/div>\n\n\n<div class=\"wp-block-genesis-blocks-gb-columns footer-newsletter gb-layout-columns-1 one-column alignfull\"><div class=\"gb-layout-column-wrap gb-block-layout-column-gap-2 gb-is-responsive-column\">\n<div class=\"wp-block-genesis-blocks-gb-column gb-block-layout-column\"><div class=\"gb-block-layout-column-inner\">\n<div class=\"wp-block-genesis-blocks-gb-columns container gb-layout-columns-1 one-column\"><div class=\"gb-layout-column-wrap gb-block-layout-column-gap-2 gb-is-responsive-column\">\n<div class=\"wp-block-genesis-blocks-gb-column gb-block-layout-column\"><div class=\"gb-block-layout-column-inner\"><style>.wp-block-kadence-advancedheading.kt-adv-heading_4d2423-9c, .wp-block-kadence-advancedheading.kt-adv-heading_4d2423-9c[data-kb-block=\"kb-adv-heading_4d2423-9c\"]{font-style:normal;}.wp-block-kadence-advancedheading.kt-adv-heading_4d2423-9c mark.kt-highlight, .wp-block-kadence-advancedheading.kt-adv-heading_4d2423-9c[data-kb-block=\"kb-adv-heading_4d2423-9c\"] mark.kt-highlight{font-style:normal;color:#f76a0c;-webkit-box-decoration-break:clone;box-decoration-break:clone;padding-top:0px;padding-right:0px;padding-bottom:0px;padding-left:0px;}.wp-block-kadence-advancedheading.kt-adv-heading_4d2423-9c img.kb-inline-image, .wp-block-kadence-advancedheading.kt-adv-heading_4d2423-9c[data-kb-block=\"kb-adv-heading_4d2423-9c\"] img.kb-inline-image{width:150px;vertical-align:baseline;}<\/style>\n<h3 class=\"kt-adv-heading_4d2423-9c titol-seccio wp-block-kadence-advancedheading\" data-kb-block=\"kb-adv-heading_4d2423-9c\">Buletina<\/h3>\n\n\n<style>.wp-block-kadence-advancedheading.kt-adv-heading_cf2667-29, .wp-block-kadence-advancedheading.kt-adv-heading_cf2667-29[data-kb-block=\"kb-adv-heading_cf2667-29\"]{font-style:normal;}.wp-block-kadence-advancedheading.kt-adv-heading_cf2667-29 mark.kt-highlight, .wp-block-kadence-advancedheading.kt-adv-heading_cf2667-29[data-kb-block=\"kb-adv-heading_cf2667-29\"] mark.kt-highlight{font-style:normal;color:#f76a0c;-webkit-box-decoration-break:clone;box-decoration-break:clone;padding-top:0px;padding-right:0px;padding-bottom:0px;padding-left:0px;}.wp-block-kadence-advancedheading.kt-adv-heading_cf2667-29 img.kb-inline-image, .wp-block-kadence-advancedheading.kt-adv-heading_cf2667-29[data-kb-block=\"kb-adv-heading_cf2667-29\"] img.kb-inline-image{width:150px;vertical-align:baseline;}<\/style>\n<h4 class=\"kt-adv-heading_cf2667-29 wp-block-kadence-advancedheading\" data-kb-block=\"kb-adv-heading_cf2667-29\">Harpidetu zaitez gizarte-zerbitzuetako berrikuntzarakojoera guztien berri izan nahi baduzu.<\/h4>\n\n\n<\/div><\/div>\n<\/div><\/div>\n<\/div><\/div>\n<\/div><\/div>\n","protected":false},"excerpt":{"rendered":"<p>El InnoTrip es un servicio dirigido a las entidades miembros de iSocial que consiste en realizar una visita de estudio internacional para fomentar la innovaci\u00f3n. En la edici\u00f3n del 2024, el Innotrip se llevar\u00e1 a cabo en Escocia.<\/p>\n","protected":false},"author":5,"featured_media":22715,"comment_status":"closed","ping_status":"closed","sticky":false,"template":"","format":"standard","meta":{"_acf_changed":false,"inline_featured_image":false,"_kad_blocks_custom_css":"","_kad_blocks_head_custom_js":"","_kad_blocks_body_custom_js":"","_kad_blocks_footer_custom_js":"","footnotes":""},"categories":[277,273,276],"tags":[],"class_list":{"0":"post-23991","1":"post","2":"type-post","3":"status-publish","4":"format-standard","5":"has-post-thumbnail","6":"hentry","7":"category-destacados-home-eu","8":"category-ezagutza","9":"category-innotrips-eu","11":"with-featured-image"},"acf":[],"taxonomy_info":{"category":[{"value":277,"label":"Destacados Home"},{"value":273,"label":"Ezagutza"},{"value":276,"label":"InnoTrips"}]},"featured_image_src_large":["https:\/\/isocial.cat\/wp-content\/uploads\/2024\/03\/Innotrip-Escocia.png",1200,630,false],"author_info":{"display_name":"Ferran Benito","author_link":"https:\/\/isocial.cat\/eu\/author\/fbenito\/"},"comment_info":0,"category_info":[{"term_id":277,"name":"Destacados Home","slug":"destacados-home-eu","term_group":0,"term_taxonomy_id":277,"taxonomy":"category","description":"","parent":0,"count":118,"filter":"raw","term_order":"0","cat_ID":277,"category_count":118,"category_description":"","cat_name":"Destacados Home","category_nicename":"destacados-home-eu","category_parent":0},{"term_id":273,"name":"Ezagutza","slug":"ezagutza","term_group":0,"term_taxonomy_id":273,"taxonomy":"category","description":"","parent":0,"count":9,"filter":"raw","term_order":"0","cat_ID":273,"category_count":9,"category_description":"","cat_name":"Ezagutza","category_nicename":"ezagutza","category_parent":0},{"term_id":276,"name":"InnoTrips","slug":"innotrips-eu","term_group":0,"term_taxonomy_id":276,"taxonomy":"category","description":"","parent":273,"count":3,"filter":"raw","term_order":"0","cat_ID":276,"category_count":3,"category_description":"","cat_name":"InnoTrips","category_nicename":"innotrips-eu","category_parent":273}],"tag_info":false,"featured_image_src":"https:\/\/isocial.cat\/wp-content\/uploads\/2024\/03\/Innotrip-Escocia-600x400.png","featured_image_src_square":"https:\/\/isocial.cat\/wp-content\/uploads\/2024\/03\/Innotrip-Escocia-600x600.png","_links":{"self":[{"href":"https:\/\/isocial.cat\/eu\/wp-json\/wp\/v2\/posts\/23991","targetHints":{"allow":["GET"]}}],"collection":[{"href":"https:\/\/isocial.cat\/eu\/wp-json\/wp\/v2\/posts"}],"about":[{"href":"https:\/\/isocial.cat\/eu\/wp-json\/wp\/v2\/types\/post"}],"author":[{"embeddable":true,"href":"https:\/\/isocial.cat\/eu\/wp-json\/wp\/v2\/users\/5"}],"replies":[{"embeddable":true,"href":"https:\/\/isocial.cat\/eu\/wp-json\/wp\/v2\/comments?post=23991"}],"version-history":[{"count":3,"href":"https:\/\/isocial.cat\/eu\/wp-json\/wp\/v2\/posts\/23991\/revisions"}],"predecessor-version":[{"id":27154,"href":"https:\/\/isocial.cat\/eu\/wp-json\/wp\/v2\/posts\/23991\/revisions\/27154"}],"wp:featuredmedia":[{"embeddable":true,"href":"https:\/\/isocial.cat\/eu\/wp-json\/wp\/v2\/media\/22715"}],"wp:attachment":[{"href":"https:\/\/isocial.cat\/eu\/wp-json\/wp\/v2\/media?parent=23991"}],"wp:term":[{"taxonomy":"category","embeddable":true,"href":"https:\/\/isocial.cat\/eu\/wp-json\/wp\/v2\/categories?post=23991"},{"taxonomy":"post_tag","embeddable":true,"href":"https:\/\/isocial.cat\/eu\/wp-json\/wp\/v2\/tags?post=23991"}],"curies":[{"name":"wp","href":"https:\/\/api.w.org\/{rel}","templated":true}]}}