{"id":26529,"date":"2024-06-26T11:53:06","date_gmt":"2024-06-26T09:53:06","guid":{"rendered":"https:\/\/isocial.cat\/10-areas-basicas-mejoran-sus-herramientas-de-analisis-y-planificacion-gracias-a-isocial\/"},"modified":"2024-06-26T12:04:55","modified_gmt":"2024-06-26T10:04:55","slug":"10-areas-basicas-mejoran-sus-herramientas-de-analisis-y-planificacion-gracias-a-isocial","status":"publish","type":"post","link":"https:\/\/isocial.cat\/eu\/10-areas-basicas-mejoran-sus-herramientas-de-analisis-y-planificacion-gracias-a-isocial\/","title":{"rendered":"10 \u00c1reas B\u00e1sicas mejoran sus herramientas de an\u00e1lisis y planificaci\u00f3n gracias a iSocial"},"content":{"rendered":"\n<div class=\"wp-block-genesis-blocks-gb-container alignfull header--3 subhome--1 gb-block-container\"><div class=\"gb-container-inside\"><div class=\"gb-container-content\">\n<div class=\"wp-block-genesis-blocks-gb-container container gb-block-container\"><div class=\"gb-container-inside\"><div class=\"gb-container-content\">\n<span class=\"parent--link separador animated fadeInUp slow\"><a href=\"https:\/\/isocial.cat\/eu\/argitalpenak\/\" data-type=\"page\" data-id=\"51\">Argitalpenak<\/a> <a href=\"https:\/\/isocial.cat\/eu\/berriak\/\" data-type=\"page\" data-id=\"12751\">Berriak<\/a><\/span>\n\n\n<h1 class=\"animated fadeInUp delay-200ms slow wp-block-post-title\">10 \u00c1reas B\u00e1sicas mejoran sus herramientas de an\u00e1lisis y planificaci\u00f3n gracias a iSocial<\/h1>\n\n<div class=\"animated fadeInUp slow delay-500ms wp-block-post-date\"><time datetime=\"2024-06-26T11:53:06+02:00\">26 de Junio de 2024<\/time><\/div><\/div><\/div><\/div>\n<\/div><\/div><\/div>\n\n\n\n<div class=\"wp-block-genesis-blocks-gb-container container--2 subhome gb-block-container\"><div class=\"gb-container-inside\"><div class=\"gb-container-content\">\n<div class=\"wp-block-genesis-blocks-gb-columns fila post animated fadeInUp slow gb-layout-columns-3 gb-3-col-widecenter\"><div class=\"gb-layout-column-wrap gb-block-layout-column-gap-0 gb-is-responsive-column\">\n<div class=\"wp-block-genesis-blocks-gb-column gb-block-layout-column\"><div class=\"gb-block-layout-column-inner\">\n<p><\/p>\n<\/div><\/div>\n\n\n\n<div class=\"wp-block-genesis-blocks-gb-column gb-block-layout-column\"><div class=\"gb-block-layout-column-inner\"><div class=\"taxonomy-category actualitat--categories wp-block-post-terms\"><a href=\"https:\/\/isocial.cat\/eu\/category\/argitalpenak\/\" rel=\"tag\">Argitalpenak<\/a><span class=\"wp-block-post-terms__separator\">, <\/span><a href=\"https:\/\/isocial.cat\/eu\/category\/argitalpenak\/berriak\/\" rel=\"tag\">Berriak<\/a><span class=\"wp-block-post-terms__separator\">, <\/span><a href=\"https:\/\/isocial.cat\/eu\/category\/destacados-home-eu\/\" rel=\"tag\">Destacados Home<\/a><\/div>\n\n<figure class=\"img-destacada wp-block-post-featured-image\"><img loading=\"lazy\" decoding=\"async\" width=\"1200\" height=\"630\" src=\"https:\/\/isocial.cat\/wp-content\/uploads\/2024\/06\/Imatges-Posts-Web-95-min.png\" class=\"attachment-post-thumbnail size-post-thumbnail wp-post-image\" alt=\"DigitaliSSB\" style=\"object-fit:cover;\" srcset=\"https:\/\/isocial.cat\/wp-content\/uploads\/2024\/06\/Imatges-Posts-Web-95-min.png 1200w, https:\/\/isocial.cat\/wp-content\/uploads\/2024\/06\/Imatges-Posts-Web-95-min-500x263.png 500w, https:\/\/isocial.cat\/wp-content\/uploads\/2024\/06\/Imatges-Posts-Web-95-min-800x420.png 800w, https:\/\/isocial.cat\/wp-content\/uploads\/2024\/06\/Imatges-Posts-Web-95-min-300x158.png 300w, https:\/\/isocial.cat\/wp-content\/uploads\/2024\/06\/Imatges-Posts-Web-95-min-400x210.png 400w\" sizes=\"auto, (max-width: 1200px) 100vw, 1200px\" \/><\/figure>\n\n\n\n\n<div class=\"wp-block-genesis-blocks-gb-container contingut-post gb-block-container\"><div class=\"gb-container-inside\"><div class=\"gb-container-content\">\n<p class=\"lead-text has-large-font-size\">Los Cuadros de Mando responden a diferentes necesidades de las \u00c1reas B\u00e1sicas<\/p>\n\n\n\n<p><strong>iSocial <\/strong>est\u00e1 desarrollando una serie de <strong>Cuadros de Mando para las \u00c1reas B\u00e1sicas de Servicios Sociales<\/strong> municipales y comarcales que permitir\u00e1 a los profesionales que trabajan en ellas solucionar su dispersi\u00f3n de aplicaciones y de fuentes de datos mediante una sola herramienta de an\u00e1lisis y planificaci\u00f3n. Hasta ahora, ya se han beneficiado los <strong>Ayuntamientos de Tarragona, Girona, Reus, Amposta y Calafell, y los Consejos Comarcales de La Garrotxa, el Alt Pened\u00e8s, el Vall\u00e8s Oriental, Osona y el Pallars Sobir\u00e0.<\/strong><\/p>\n\n\n\n<p>Los Cuadros de Mando entregados en los \u00faltimos meses <strong>responden a diferentes necesidades de las \u00c1reas B\u00e1sicas:<\/strong> seguimiento de los servicios sociales b\u00e1sicos (personas atendidas, personas beneficiarias, casos activos, entrevistas\u2026); seguimiento de los servicios de infancia; seguimiento de las Ayudas de Urgencia Social; seguimiento presupuestario de la teleasistencia y de los Servicios de Atenci\u00f3n Domiciliaria (SAD); seguimiento de la carga de trabajo de los profesionales; etc.<\/p>\n\n\n\n<p>Cada Cuadro de Mando se ha dise\u00f1ado <strong>en funci\u00f3n de las peticiones de cada \u00c1rea B\u00e1sica<\/strong> y de los datos, herramientas y procesos de los que dispone, a fin de resolver de la mejor manera posible las necesidades de an\u00e1lisis y planificaci\u00f3n de sus servicios sociales municipales o comarcales. Posteriormente, <strong>iSocial ofrecer\u00e1 formaci\u00f3n a los equipos profesionales<\/strong> de estas \u00c1reas B\u00e1sicas para que ellas mismas puedan autogestionar el mantenimiento y la actualizaci\u00f3n permanente de esta nueva herramienta tecnol\u00f3gica.<\/p>\n\n\n\n<p>La mayor parte de los <strong>10 Ayuntamientos y Consejos Comarcales<\/strong> se han beneficiado gracias a su participaci\u00f3n en el <strong><a href=\"https:\/\/isocial.cat\/eu\/digitalissb-impuls-de-la-digitalitzacio-dels-serveis-socials-basics-de-catalunya\/\">proyecto DigitaliSSB 2023-2025<\/a> <\/strong>(Impulso de la Digitalizaci\u00f3n de los Servicios Sociales B\u00e1sicos), que lidera la Fundaci\u00f3n iSocial con financiaci\u00f3n de los fondos <strong>Next Generation<\/strong> y en colaboraci\u00f3n con la <strong>Fundaci\u00f3n URV y la Fundaci\u00f3n Gr\u00edfols<\/strong>, socios del proyecto. iSocial tiene previsto que m\u00e1s \u00c1reas B\u00e1sicas que participan en el proyecto tambi\u00e9n puedan beneficiarse, y que posteriormente el conocimiento adquirido se ponga a disposici\u00f3n del <strong>Departamento de Derechos Sociales de la Generalitat<\/strong> con vistas a que su nuevo sistema de informaci\u00f3n <strong>e-Social<\/strong> pueda ofrecer en el futuro una soluci\u00f3n similar para todo el territorio.<\/p>\n<\/div><\/div><\/div>\n<\/div><\/div>\n\n\n\n<div class=\"wp-block-genesis-blocks-gb-column gb-block-layout-column\"><div class=\"gb-block-layout-column-inner\">\n<p><\/p>\n<\/div><\/div>\n<\/div><\/div>\n\n\n\n\n<\/div><\/div><\/div>\n\n\n<div  class=\"ultp-post-grid-block wp-block-ultimate-post-post-grid-1 ultp-block-0b246d container--2 subhome grid-darrers-projectes animated fadeInUp slow\"><div class=\"ultp-block-wrapper\"><div class=\"ultp-loading\"><div class=\"ultp-loading-spinner\" style=\"width:100%;height:100%\"><div><\/div><div><\/div><div><\/div><div><\/div><div><\/div><div><\/div><div><\/div><div><\/div><div><\/div><div><\/div><div><\/div><div><\/div><\/div><\/div><div class=\"ultp-heading-filter\"><div class=\"ultp-heading-filter-in\"><div class=\"ultp-heading-wrap ultp-heading-style1 ultp-heading-left\"><p class=\"ultp-heading-inner\"><span>Actualitat<\/span><\/p><\/div><div class=\"ultp-filter-navigation\"><\/div><\/div><\/div><div class=\"ultp-block-items-wrap ultp-block-row ultp-pg1a-style1 ultp-grid1-responsive ultp-block-column-4 1 1 ultp-layout1\"><div class=\"ultp-block-item post-id-37713\"><div class=\"ultp-block-content-wrap\"><div class=\"ultp-block-image ultp-block-image-zoomIn\"><a href=\"https:\/\/isocial.cat\/eu\/emaus-gizarte-fundazioa-se-convierte-en-la-23a-entidad-miembro-de-isocial\/\" ><img loading=\"lazy\" decoding=\"async\" width=\"600\" height=\"600\"  class=\"ultp-block-image-content\"  alt=\"Imagen que muestra una acci\u00f3n de intervenci\u00f3n comunitaria llevada a cabo por Ema\u00fas. En la fotografia se ve una chica y un chico con un rodete de pintura delante de un muro con grafittis\"  src=\"https:\/\/isocial.cat\/wp-content\/uploads\/2026\/04\/Imagen-que-muestra-una-accion-de-intervencion-comunitaria-llevada-a-cabo-por-Emaus.-En-la-fotografia-se-ve-una-chica-y-un-chico-con-un-rodete-de-pintura-delante-de-un-muro-con-grafittis-600x600.png\" \/><\/a><\/div><div class=\"ultp-block-content\"><div class=\"ultp-category-grid ultp-category-classic ultp-category-aboveTitle\"><div class=\"ultp-category-in\"><a class=\"ultp-cat-berriak\" href=\"https:\/\/isocial.cat\/eu\/category\/argitalpenak\/berriak\/\"  >Berriak<\/a><a class=\"ultp-cat-destacados-home-eu\" href=\"https:\/\/isocial.cat\/eu\/category\/destacados-home-eu\/\"  >Destacados Home<\/a><\/div><\/div><h4 class=\"ultp-block-title \"><a href=\"https:\/\/isocial.cat\/eu\/emaus-gizarte-fundazioa-se-convierte-en-la-23a-entidad-miembro-de-isocial\/\" >Emaus Gizarte Fundazioa se convierte en la 23\u00aa entidad miembro de iSocial<\/a><\/h4><div class=\"ultp-block-excerpt\">Emaus Gizarte Fundazioa, referente en transformaci\u00f3n comunitaria y econom\u00eda circular en el Pa\u00eds Vasco, se ha incorporado a la Fundaci\u00f3n iSocial como 23\u00aa entidad miembro. Con esta adhesi\u00f3n, la red de iSocial sigue creciendo y refuerza su compromiso con la innovaci\u00f3n social y el trabajo colectivo.<\/div><\/div><\/div><\/div><div class=\"ultp-block-item post-id-36591\"><div class=\"ultp-block-content-wrap\"><div class=\"ultp-block-image ultp-block-image-zoomIn\"><a href=\"https:\/\/isocial.cat\/eu\/rapnic-recibe-el-2o-premio-del-concurso-aina-inteligencia-territorial\/\" ><img loading=\"lazy\" decoding=\"async\" width=\"600\" height=\"600\"  class=\"ultp-block-image-content\"  alt=\"rapnic\"  src=\"https:\/\/isocial.cat\/wp-content\/uploads\/2026\/03\/rapnic-600x600.png\" \/><\/a><\/div><div class=\"ultp-block-content\"><div class=\"ultp-category-grid ultp-category-classic ultp-category-aboveTitle\"><div class=\"ultp-category-in\"><a class=\"ultp-cat-argitalpenak\" href=\"https:\/\/isocial.cat\/eu\/category\/argitalpenak\/\"  >Argitalpenak<\/a><a class=\"ultp-cat-berriak\" href=\"https:\/\/isocial.cat\/eu\/category\/argitalpenak\/berriak\/\"  >Berriak<\/a><a class=\"ultp-cat-destacados-home-eu\" href=\"https:\/\/isocial.cat\/eu\/category\/destacados-home-eu\/\"  >Destacados Home<\/a><\/div><\/div><h4 class=\"ultp-block-title \"><a href=\"https:\/\/isocial.cat\/eu\/rapnic-recibe-el-2o-premio-del-concurso-aina-inteligencia-territorial\/\" >RAPNIC recibe el 2\u00ba premio del concurso AINA \u201cInteligencia Territorial\u201d<\/a><\/h4><div class=\"ultp-block-excerpt\">RAPNIC ha sido reconocido en la categor\u00eda \u201cInteligencia Artificial para reducir las brechas digitales\u201d del concurso AINA \u201cInteligencia Territorial\u201d, que impulsa soluciones en catal\u00e1n para mejorar la accesibilidad y la inclusi\u00f3n digital.<\/div><\/div><\/div><\/div><div class=\"ultp-block-item post-id-36444\"><div class=\"ultp-block-content-wrap\"><div class=\"ultp-block-image ultp-block-image-zoomIn\"><a href=\"https:\/\/isocial.cat\/eu\/presentamos-los-resultados-del-proyecto-vincles-alt-pirineu-aran-en-el-periodo-2023-2025-en-un-acto-en-sort\/\" ><img loading=\"lazy\" decoding=\"async\" width=\"600\" height=\"600\"  class=\"ultp-block-image-content\"  alt=\"Cartelleria de l&#039;acte de presentaci\u00f3 de resultats del projecte Vincles 2023-2026\"  src=\"https:\/\/isocial.cat\/wp-content\/uploads\/2026\/03\/Noticia-Resultats-Vincles-min-600x600.png\" \/><\/a><\/div><div class=\"ultp-block-content\"><div class=\"ultp-category-grid ultp-category-classic ultp-category-aboveTitle\"><div class=\"ultp-category-in\"><a class=\"ultp-cat-berriak\" href=\"https:\/\/isocial.cat\/eu\/category\/argitalpenak\/berriak\/\"  >Berriak<\/a><a class=\"ultp-cat-destacados-home-eu\" href=\"https:\/\/isocial.cat\/eu\/category\/destacados-home-eu\/\"  >Destacados Home<\/a><\/div><\/div><h4 class=\"ultp-block-title \"><a href=\"https:\/\/isocial.cat\/eu\/presentamos-los-resultados-del-proyecto-vincles-alt-pirineu-aran-en-el-periodo-2023-2025-en-un-acto-en-sort\/\" >Presentamos los resultados del proyecto Vincles Alt Pirineu-Aran en el per\u00edodo 2023-2025 en un acto en Sort<\/a><\/h4><div class=\"ultp-block-excerpt\">El 5 de marzo realizamos en Sort (Pallars Sobir\u00e0) el acto de presentaci\u00f3n de resultados del proyecto Vincles durante el per\u00edodo 2023-2025, donde se puso de manifiesto el \u00e9xito y la necesidad de continuidad del programa.<\/div><\/div><\/div><\/div><div class=\"ultp-block-item post-id-36331\"><div class=\"ultp-block-content-wrap\"><div class=\"ultp-block-image ultp-block-image-zoomIn\"><a href=\"https:\/\/isocial.cat\/eu\/isocial-y-somos-conexion-suman-esfuerzos-para-impulsar-el-conocimiento-y-la-tecnologia-social\/\" ><img loading=\"lazy\" decoding=\"async\" width=\"600\" height=\"600\"  class=\"ultp-block-image-content\"  alt=\"Noticia Somos Conexi\u00f3n\"  src=\"https:\/\/isocial.cat\/wp-content\/uploads\/2026\/02\/Noticia-Somos-Conexion-600x600.png\" \/><\/a><\/div><div class=\"ultp-block-content\"><div class=\"ultp-category-grid ultp-category-classic ultp-category-aboveTitle\"><div class=\"ultp-category-in\"><a class=\"ultp-cat-argitalpenak\" href=\"https:\/\/isocial.cat\/eu\/category\/argitalpenak\/\"  >Argitalpenak<\/a><a class=\"ultp-cat-berriak\" href=\"https:\/\/isocial.cat\/eu\/category\/argitalpenak\/berriak\/\"  >Berriak<\/a><a class=\"ultp-cat-destacados-home-eu\" href=\"https:\/\/isocial.cat\/eu\/category\/destacados-home-eu\/\"  >Destacados Home<\/a><\/div><\/div><h4 class=\"ultp-block-title \"><a href=\"https:\/\/isocial.cat\/eu\/isocial-y-somos-conexion-suman-esfuerzos-para-impulsar-el-conocimiento-y-la-tecnologia-social\/\" >iSocial y Somos Conexi\u00f3n suman esfuerzos para impulsar el conocimiento y la tecnolog\u00eda social<\/a><\/h4><div class=\"ultp-block-excerpt\">La cooperativa Somos Conexi\u00f3n patrocinar\u00e1 tres de los Innobreaks que realizaremos durante el 2026. Las sesiones pondr\u00e1n el foco en el uso consciente e inclusivo de la tecnolog\u00eda en el \u00e1mbito social, y permitir\u00e1n acercar al sector iniciativas innovadoras que abordan retos digitales emergentes.<\/div><\/div><\/div><\/div><div class=\"ultp-block-item post-id-35318\"><div class=\"ultp-block-content-wrap\"><div class=\"ultp-block-image ultp-block-image-zoomIn\"><a href=\"https:\/\/isocial.cat\/eu\/la-fundacion-isocial-y-graustic-otorgan-el-premio-a-la-integracion-social-a-traves-de-la-digitalizacion-a-la-app-dinder-club\/\" ><img loading=\"lazy\" decoding=\"async\" width=\"600\" height=\"600\"  class=\"ultp-block-image-content\"  alt=\"Fotografia de grup despr\u00e9s de l&#039;entrega del premi a la Integraci\u00f3 Social a trav\u00e9s de la tecnologia, categoria dels premis d&#039;Innovaci\u00f3 Social de Catalunya GrausTIC patrocinada per iSocial\"  src=\"https:\/\/isocial.cat\/wp-content\/uploads\/2025\/11\/Fotografia-de-grup-despres-de-lentrega-del-premi-a-la-Integracio-Social-a-traves-de-la-tecnologia-categoria-dels-premis-dInnovacio-Social-de-Catalunya-GrausTIC-patrocinada-per-iSocial-600x600.png\" \/><\/a><\/div><div class=\"ultp-block-content\"><div class=\"ultp-category-grid ultp-category-classic ultp-category-aboveTitle\"><div class=\"ultp-category-in\"><a class=\"ultp-cat-berriak\" href=\"https:\/\/isocial.cat\/eu\/category\/argitalpenak\/berriak\/\"  >Berriak<\/a><a class=\"ultp-cat-destacados-home-eu\" href=\"https:\/\/isocial.cat\/eu\/category\/destacados-home-eu\/\"  >Destacados Home<\/a><\/div><\/div><h4 class=\"ultp-block-title \"><a href=\"https:\/\/isocial.cat\/eu\/la-fundacion-isocial-y-graustic-otorgan-el-premio-a-la-integracion-social-a-traves-de-la-digitalizacion-a-la-app-dinder-club\/\" >La Fundaci\u00f3n iSocial y GrausTIC otorgan el Premio a la Integraci\u00f3n Social a trav\u00e9s de la Digitalizaci\u00f3n a la app Dinder Club<\/a><\/h4><div class=\"ultp-block-excerpt\">Con este premio, la Fundaci\u00f3n iSocial quiere reconocer la labor de Dinder Club, la primera aplicaci\u00f3n de citas y planes de ocio para personas con discapacidad intelectual. Esta iniciativa pionera apuesta por la inclusi\u00f3n social a trav\u00e9s de la tecnolog\u00eda, ofreciendo un entorno seguro y accesible para facilitar relaciones personales y actividades grupales.<\/div><\/div><\/div><\/div><div class=\"ultp-block-item post-id-35228\"><div class=\"ultp-block-content-wrap\"><div class=\"ultp-block-image ultp-block-image-zoomIn\"><a href=\"https:\/\/isocial.cat\/eu\/la-red-rehab-lab-reconocida-por-plena-inclusion-como-practica-con-impacto\/\" ><img loading=\"lazy\" decoding=\"async\" width=\"1920\" height=\"1080\" class=\"ultp-block-image-content\" src=\"https:\/\/isocial.cat\/wp-content\/plugins\/ultimate-post\/assets\/img\/ultp-fallback-img.png\" alt=\"dummy-img\" \/><\/a><\/div><div class=\"ultp-block-content\"><div class=\"ultp-category-grid ultp-category-classic ultp-category-aboveTitle\"><div class=\"ultp-category-in\"><a class=\"ultp-cat-berriak\" href=\"https:\/\/isocial.cat\/eu\/category\/argitalpenak\/berriak\/\"  >Berriak<\/a><a class=\"ultp-cat-destacados-home-eu\" href=\"https:\/\/isocial.cat\/eu\/category\/destacados-home-eu\/\"  >Destacados Home<\/a><\/div><\/div><h4 class=\"ultp-block-title \"><a href=\"https:\/\/isocial.cat\/eu\/la-red-rehab-lab-reconocida-por-plena-inclusion-como-practica-con-impacto\/\" >La Red Rehab-Lab, reconocida por Plena Inclusi\u00f3n como \u201cPr\u00e1ctica con Impacto\u201d<\/a><\/h4><div class=\"ultp-block-excerpt\">La Fundaci\u00f3 iSocial particip\u00f3 en el encuentro estatal \u201cPr\u00e1cticas con Impacto\u201d organizado por Plena Inclusi\u00f3n en Sevilla, donde presentamos la Red Rehab-Lab ante m\u00e1s de 500 profesionales y entidades del sector de la discapacidad intelectual<\/div><\/div><\/div><\/div><\/div><div class=\"ultp-pagination-wrap ultp-pagination-ajax-action\" data-paged=\"1\" data-expost=\"\"  data-blockid=\"0b246d\" data-postid=\"26529\" data-pages=\"18\" data-blockname=\"ultimate-post_post-grid-1\" data-selfpostid=\"yes\"><ul class=\"ultp-pagination\"><li class=\"ultp-prev-page-numbers\" style=\"display:none\"><a href=\"https:\/\/isocial.cat\/eu\/wp-json\/wp\/v2\/posts\/26529\/\"><svg xmlns=\"http:\/\/www.w3.org\/2000\/svg\" fill=\"none\" viewBox=\"0 0 24 24\">\n  <path stroke=\"currentColor\" stroke-linecap=\"round\" stroke-linejoin=\"round\" stroke-width=\"1.5\" d=\"m15 18-6-6 6-6\"\/>\n<\/svg>\n <\/a><\/li><li class=\"ultp-first-pages\" style=\"display:none\" data-current=\"1\"><a href=\"https:\/\/isocial.cat\/eu\/wp-json\/wp\/v2\/posts\/26529\/\">1<\/a><\/li><li class=\"ultp-first-dot\"style=\"display:none\"><a href=\"#\">&#8230;<\/a><\/li><li class=\"ultp-center-item pagination-active\" data-current=\"1\"><a href=\"https:\/\/isocial.cat\/eu\/wp-json\/wp\/v2\/posts\/26529\/\">1<\/a><\/li><li class=\"ultp-center-item\" data-current=\"2\" ><a href=\"https:\/\/isocial.cat\/eu\/wp-json\/wp\/v2\/posts\/26529\/page\/2\/\">2<\/a><\/li><li class=\"ultp-center-item\" data-current=\"3\" ><a href=\"https:\/\/isocial.cat\/eu\/wp-json\/wp\/v2\/posts\/26529\/page\/3\/\">3<\/a><\/li><li class=\"ultp-last-dot\" ><a href=\"#\">&#8230;<\/a><\/li><li class=\"ultp-last-pages\" data-current=\"18\"><a href=\"https:\/\/isocial.cat\/eu\/wp-json\/wp\/v2\/posts\/26529\/page\/18\/\">18<\/a><\/li><li class=\"ultp-next-page-numbers\"><a href=\"https:\/\/isocial.cat\/eu\/wp-json\/wp\/v2\/posts\/26529\/page\/2\/\"><svg xmlns=\"http:\/\/www.w3.org\/2000\/svg\" fill=\"none\" viewBox=\"0 0 24 24\">\n  <path stroke=\"currentColor\" stroke-linecap=\"round\" stroke-linejoin=\"round\" stroke-width=\"1.5\" d=\"m9 18 6-6-6-6\"\/>\n<\/svg>\n<\/a><\/li><\/ul><\/div><\/div><div class=\"pagination-block-html\" aria-hidden=\"true\" style=\"display: none;\"><\/div><\/div>\n\n\n<div class=\"wp-block-genesis-blocks-gb-columns footer-newsletter gb-layout-columns-1 one-column alignfull\"><div class=\"gb-layout-column-wrap gb-block-layout-column-gap-2 gb-is-responsive-column\">\n<div class=\"wp-block-genesis-blocks-gb-column gb-block-layout-column\"><div class=\"gb-block-layout-column-inner\">\n<div class=\"wp-block-genesis-blocks-gb-columns container gb-layout-columns-1 one-column\"><div class=\"gb-layout-column-wrap gb-block-layout-column-gap-2 gb-is-responsive-column\">\n<div class=\"wp-block-genesis-blocks-gb-column gb-block-layout-column\"><div class=\"gb-block-layout-column-inner\"><style>.wp-block-kadence-advancedheading.kt-adv-heading_4d2423-9c, .wp-block-kadence-advancedheading.kt-adv-heading_4d2423-9c[data-kb-block=\"kb-adv-heading_4d2423-9c\"]{font-style:normal;}.wp-block-kadence-advancedheading.kt-adv-heading_4d2423-9c mark.kt-highlight, .wp-block-kadence-advancedheading.kt-adv-heading_4d2423-9c[data-kb-block=\"kb-adv-heading_4d2423-9c\"] mark.kt-highlight{font-style:normal;color:#f76a0c;-webkit-box-decoration-break:clone;box-decoration-break:clone;padding-top:0px;padding-right:0px;padding-bottom:0px;padding-left:0px;}.wp-block-kadence-advancedheading.kt-adv-heading_4d2423-9c img.kb-inline-image, .wp-block-kadence-advancedheading.kt-adv-heading_4d2423-9c[data-kb-block=\"kb-adv-heading_4d2423-9c\"] img.kb-inline-image{width:150px;vertical-align:baseline;}<\/style>\n<h3 class=\"kt-adv-heading_4d2423-9c titol-seccio wp-block-kadence-advancedheading\" data-kb-block=\"kb-adv-heading_4d2423-9c\">Buletina<\/h3>\n\n\n<style>.wp-block-kadence-advancedheading.kt-adv-heading_cf2667-29, .wp-block-kadence-advancedheading.kt-adv-heading_cf2667-29[data-kb-block=\"kb-adv-heading_cf2667-29\"]{font-style:normal;}.wp-block-kadence-advancedheading.kt-adv-heading_cf2667-29 mark.kt-highlight, .wp-block-kadence-advancedheading.kt-adv-heading_cf2667-29[data-kb-block=\"kb-adv-heading_cf2667-29\"] mark.kt-highlight{font-style:normal;color:#f76a0c;-webkit-box-decoration-break:clone;box-decoration-break:clone;padding-top:0px;padding-right:0px;padding-bottom:0px;padding-left:0px;}.wp-block-kadence-advancedheading.kt-adv-heading_cf2667-29 img.kb-inline-image, .wp-block-kadence-advancedheading.kt-adv-heading_cf2667-29[data-kb-block=\"kb-adv-heading_cf2667-29\"] img.kb-inline-image{width:150px;vertical-align:baseline;}<\/style>\n<h4 class=\"kt-adv-heading_cf2667-29 wp-block-kadence-advancedheading\" data-kb-block=\"kb-adv-heading_cf2667-29\">Harpidetu zaitez gizarte-zerbitzuetako berrikuntzarakojoera guztien berri izan nahi baduzu.<\/h4>\n\n\n<\/div><\/div>\n<\/div><\/div>\n<\/div><\/div>\n<\/div><\/div>\n","protected":false},"excerpt":{"rendered":"<p>iSocial est\u00e1 desarrollando una serie de Cuadros de Mando para las \u00c1reas B\u00e1sicas de Servicios Sociales municipales y comarcales que permitir\u00e1 a los profesionales que trabajan en ellas solucionar su dispersi\u00f3n de aplicaciones y de fuentes de datos mediante una sola herramienta de an\u00e1lisis y planificaci\u00f3n.<\/p>\n","protected":false},"author":5,"featured_media":26520,"comment_status":"closed","ping_status":"closed","sticky":false,"template":"","format":"standard","meta":{"_acf_changed":false,"inline_featured_image":false,"_kad_blocks_custom_css":"","_kad_blocks_head_custom_js":"","_kad_blocks_body_custom_js":"","_kad_blocks_footer_custom_js":"","footnotes":""},"categories":[259,285,277],"tags":[],"class_list":{"0":"post-26529","1":"post","2":"type-post","3":"status-publish","4":"format-standard","5":"has-post-thumbnail","6":"hentry","7":"category-argitalpenak","8":"category-berriak","9":"category-destacados-home-eu","11":"with-featured-image"},"acf":[],"taxonomy_info":{"category":[{"value":259,"label":"Argitalpenak"},{"value":285,"label":"Berriak"},{"value":277,"label":"Destacados Home"}]},"featured_image_src_large":["https:\/\/isocial.cat\/wp-content\/uploads\/2024\/06\/Imatges-Posts-Web-95-min.png",1200,630,false],"author_info":{"display_name":"Ferran Benito","author_link":"https:\/\/isocial.cat\/eu\/author\/fbenito\/"},"comment_info":0,"category_info":[{"term_id":259,"name":"Argitalpenak","slug":"argitalpenak","term_group":0,"term_taxonomy_id":259,"taxonomy":"category","description":"","parent":0,"count":115,"filter":"raw","term_order":"0","cat_ID":259,"category_count":115,"category_description":"","cat_name":"Argitalpenak","category_nicename":"argitalpenak","category_parent":0},{"term_id":285,"name":"Berriak","slug":"berriak","term_group":0,"term_taxonomy_id":285,"taxonomy":"category","description":"","parent":259,"count":106,"filter":"raw","term_order":"0","cat_ID":285,"category_count":106,"category_description":"","cat_name":"Berriak","category_nicename":"berriak","category_parent":259},{"term_id":277,"name":"Destacados Home","slug":"destacados-home-eu","term_group":0,"term_taxonomy_id":277,"taxonomy":"category","description":"","parent":0,"count":118,"filter":"raw","term_order":"0","cat_ID":277,"category_count":118,"category_description":"","cat_name":"Destacados Home","category_nicename":"destacados-home-eu","category_parent":0}],"tag_info":false,"featured_image_src":"https:\/\/isocial.cat\/wp-content\/uploads\/2024\/06\/Imatges-Posts-Web-95-min-600x400.png","featured_image_src_square":"https:\/\/isocial.cat\/wp-content\/uploads\/2024\/06\/Imatges-Posts-Web-95-min-600x600.png","_links":{"self":[{"href":"https:\/\/isocial.cat\/eu\/wp-json\/wp\/v2\/posts\/26529","targetHints":{"allow":["GET"]}}],"collection":[{"href":"https:\/\/isocial.cat\/eu\/wp-json\/wp\/v2\/posts"}],"about":[{"href":"https:\/\/isocial.cat\/eu\/wp-json\/wp\/v2\/types\/post"}],"author":[{"embeddable":true,"href":"https:\/\/isocial.cat\/eu\/wp-json\/wp\/v2\/users\/5"}],"replies":[{"embeddable":true,"href":"https:\/\/isocial.cat\/eu\/wp-json\/wp\/v2\/comments?post=26529"}],"version-history":[{"count":1,"href":"https:\/\/isocial.cat\/eu\/wp-json\/wp\/v2\/posts\/26529\/revisions"}],"predecessor-version":[{"id":26530,"href":"https:\/\/isocial.cat\/eu\/wp-json\/wp\/v2\/posts\/26529\/revisions\/26530"}],"wp:featuredmedia":[{"embeddable":true,"href":"https:\/\/isocial.cat\/eu\/wp-json\/wp\/v2\/media\/26520"}],"wp:attachment":[{"href":"https:\/\/isocial.cat\/eu\/wp-json\/wp\/v2\/media?parent=26529"}],"wp:term":[{"taxonomy":"category","embeddable":true,"href":"https:\/\/isocial.cat\/eu\/wp-json\/wp\/v2\/categories?post=26529"},{"taxonomy":"post_tag","embeddable":true,"href":"https:\/\/isocial.cat\/eu\/wp-json\/wp\/v2\/tags?post=26529"}],"curies":[{"name":"wp","href":"https:\/\/api.w.org\/{rel}","templated":true}]}}